{"id":33888,"date":"2025-01-24T17:22:30","date_gmt":"2025-01-24T20:22:30","guid":{"rendered":"https:\/\/acrj.org.br\/?p=33888"},"modified":"2025-01-24T17:49:41","modified_gmt":"2025-01-24T20:49:41","slug":"33888","status":"publish","type":"post","link":"https:\/\/acrj.org.br\/index.php\/2025\/01\/24\/33888\/","title":{"rendered":"Mansueto Almeida refor\u00e7a a import\u00e2ncia do ajuste fiscal para equil\u00edbrio das contas p\u00fablicas"},"content":{"rendered":"\n<p>A ACRJ recebeu, nesta 6\u00aa feira (24\/1), o economista-chefe do BTG Pactual e ex-secret\u00e1rio do Tesouro Nacional, Mansueto Almeida, para um almo\u00e7o com empres\u00e1rios. Ele falou sobre as perspectivas econ\u00f4micas para o pa\u00eds e o impacto da nova administra\u00e7\u00e3o americana na economia global. Mansueto Almeida foi recepcionado pelo presidente da Associa\u00e7\u00e3o Comercial, Josier Vilar.<\/p>\n\n\n\n<p>Participaram do encontro, o presidente do Conselho Superior da ACRJ, Ruy Barreto Filho; o presidente da Firjan, Luiz C\u00e9sio Caetano; o diretor do BTG Pactual Luiz Eduardo Marinho, entre outros executivos de empresas p\u00fablicas e privadas, integrantes dos governos municipal e estadual, empres\u00e1rios, grandes benem\u00e9ritos, benem\u00e9ritos e vice-presidentes da ACRJ.<\/p>\n\n\n\n<p>Em sua palestra, Mansueto Almeida abordou diversos aspectos da economia brasileira, como o d\u00e9ficit hoje, o ajuste fiscal, a redu\u00e7\u00e3o de despesa, os juros, e comentou tamb\u00e9m sobre as perspectivas econ\u00f4micas como o novo governo que come\u00e7a dos Estados Unidos.<\/p>\n\n\n\n<p>\u201cO Brasil n\u00e3o est\u00e1 em recess\u00e3o, apesar dos juros altos e a previs\u00e3o de crescimento menor para os pr\u00f3ximos dois anos. N\u00e3o estamos no cen\u00e1rio de 2015\/2016, mas os setores que dependem de cr\u00e9dito devem sofrer. Teremos dois anos de ajustes, mas o consumo vai continuar crescendo\u201d, explicou.<\/p>\n\n\n\n<p>De acordo com ele, \u00e9 preciso uma sinaliza\u00e7\u00e3o clara do governo sobre o que ser\u00e1 feito para redu\u00e7\u00e3o da despesa e a perspectiva de quando a d\u00edvida p\u00fablica vai parar de crescer e come\u00e7a a cair. E completou: \u201cn\u00e3o faremos um ajuste fiscal de R$300 bilh\u00f5es aumentando a carga tribut\u00e1ria, porque a sociedade n\u00e3o vai aceitar qualquer aumento de imposto. S\u00f3 vamos conseguir fazer reduzindo a despesa\u201d.<\/p>\n\n\n\n<p>O presidente da ACRJ, Josier Vilar, destacou a import\u00e2ncia da an\u00e1lise feita pelo economista neste in\u00edcio de ano. \u201cEle faz uma leitura muito correta da situa\u00e7\u00e3o de como o Brasil estava no passado, como est\u00e1 hoje e qual \u00e9 a perspectiva da economia do nosso pa\u00eds. E ele enfatizou a necessidade de a sociedade civil e empresarial cobrar o ajuste fiscal do governo equilibrando receitas e despesas. O Brasil n\u00e3o pode continuar gastando mais do que arrecada e se endividando continuamente para cobrir seu d\u00e9ficit financeiro. O governo brasileiro precisa ganhar a confian\u00e7a dos investidores e empres\u00e1rios fazendo os ajustes fiscais necess\u00e1rios\u201d disse.<\/p>\n\n\n\n<p>Sobre o papel dos empres\u00e1rios, da ACRJ e demais entidades setoriais, Josier Vilar disse ainda: \u201ctemos todos, empres\u00e1rios e sociedade civil, que pressionar os parlamentares para exigirem fortemente o ajuste fiscal, de uma forma prudente, razo\u00e1vel e progressiva, para que em 5 ou 10 anos, o Estado brasileiro possa ter dinheiro sobrando para investir no que \u00e9 fundamental, que \u00e9 a sa\u00fade, a educa\u00e7\u00e3o, o transporte, a seguran\u00e7a, a habita\u00e7\u00e3o digna. S\u00e3o essas coisas que o Estado brasileiro tem que investir e que hoje n\u00e3o faz porque gasta mais do que arrecada\u201d, enfatizou.<\/p>\n\n\n\n<p>Acompanhe o encontro na \u00edntegra no Canal <strong><a href=\"https:\/\/youtu.be\/0cfU_d2l8xQ\">ACRJ Divulga<\/a><\/strong>. <\/p>\n\n\n\n<figure class=\"wp-block-image size-large is-resized\"><img fetchpriority=\"high\" decoding=\"async\" width=\"1024\" height=\"678\" src=\"https:\/\/acrj.org.br\/wp-content\/uploads\/2025\/01\/mansueto1-1024x678.jpg\" alt=\"\" class=\"wp-image-33900\" style=\"width:350px\" srcset=\"https:\/\/acrj.org.br\/wp-content\/uploads\/2025\/01\/mansueto1-1024x678.jpg 1024w, https:\/\/acrj.org.br\/wp-content\/uploads\/2025\/01\/mansueto1-300x199.jpg 300w, https:\/\/acrj.org.br\/wp-content\/uploads\/2025\/01\/mansueto1-768x509.jpg 768w, https:\/\/acrj.org.br\/wp-content\/uploads\/2025\/01\/mansueto1-1536x1018.jpg 1536w, https:\/\/acrj.org.br\/wp-content\/uploads\/2025\/01\/mansueto1.jpg 1698w\" sizes=\"(max-width: 1024px) 100vw, 1024px\" \/><\/figure>\n\n\n\n<figure class=\"wp-block-image size-large is-resized\"><img decoding=\"async\" width=\"1024\" height=\"678\" src=\"https:\/\/acrj.org.br\/wp-content\/uploads\/2025\/01\/ruy-1024x678.jpg\" alt=\"\" class=\"wp-image-33894\" style=\"width:350px\" srcset=\"https:\/\/acrj.org.br\/wp-content\/uploads\/2025\/01\/ruy-1024x678.jpg 1024w, https:\/\/acrj.org.br\/wp-content\/uploads\/2025\/01\/ruy-300x199.jpg 300w, https:\/\/acrj.org.br\/wp-content\/uploads\/2025\/01\/ruy-768x509.jpg 768w, https:\/\/acrj.org.br\/wp-content\/uploads\/2025\/01\/ruy-1536x1018.jpg 1536w, https:\/\/acrj.org.br\/wp-content\/uploads\/2025\/01\/ruy.jpg 1698w\" sizes=\"(max-width: 1024px) 100vw, 1024px\" \/><figcaption class=\"wp-element-caption\">Pedro Ernesto, Eduardo Lessa e Ruy Barreto Filho<\/figcaption><\/figure>\n\n\n\n<figure class=\"wp-block-image size-large is-resized\"><img decoding=\"async\" width=\"1024\" height=\"678\" src=\"https:\/\/acrj.org.br\/wp-content\/uploads\/2025\/01\/benjamin-1024x678.jpg\" alt=\"\" class=\"wp-image-33896\" style=\"width:350px\" srcset=\"https:\/\/acrj.org.br\/wp-content\/uploads\/2025\/01\/benjamin-1024x678.jpg 1024w, https:\/\/acrj.org.br\/wp-content\/uploads\/2025\/01\/benjamin-300x199.jpg 300w, https:\/\/acrj.org.br\/wp-content\/uploads\/2025\/01\/benjamin-768x509.jpg 768w, https:\/\/acrj.org.br\/wp-content\/uploads\/2025\/01\/benjamin.jpg 1181w\" sizes=\"(max-width: 1024px) 100vw, 1024px\" \/><figcaption class=\"wp-element-caption\">Grandes Benem\u00e9ritos e Benem\u00e9ritos da ACRJ<\/figcaption><\/figure>\n\n\n\n<figure class=\"wp-block-image size-large is-resized\"><img loading=\"lazy\" decoding=\"async\" width=\"1024\" height=\"678\" src=\"https:\/\/acrj.org.br\/wp-content\/uploads\/2025\/01\/josier-1024x678.jpg\" alt=\"\" class=\"wp-image-33890\" style=\"width:350px\" srcset=\"https:\/\/acrj.org.br\/wp-content\/uploads\/2025\/01\/josier-1024x678.jpg 1024w, https:\/\/acrj.org.br\/wp-content\/uploads\/2025\/01\/josier-300x199.jpg 300w, https:\/\/acrj.org.br\/wp-content\/uploads\/2025\/01\/josier-768x509.jpg 768w, https:\/\/acrj.org.br\/wp-content\/uploads\/2025\/01\/josier-1536x1018.jpg 1536w, https:\/\/acrj.org.br\/wp-content\/uploads\/2025\/01\/josier.jpg 1698w\" sizes=\"(max-width: 1024px) 100vw, 1024px\" \/><figcaption class=\"wp-element-caption\">Assinando o Livro de &#8220;Vizitas&#8221;<\/figcaption><\/figure>\n\n\n\n<figure class=\"wp-block-image size-large is-resized\"><img loading=\"lazy\" decoding=\"async\" width=\"1024\" height=\"678\" src=\"https:\/\/acrj.org.br\/wp-content\/uploads\/2025\/01\/marta-1024x678.jpg\" alt=\"\" class=\"wp-image-33891\" style=\"width:350px\" srcset=\"https:\/\/acrj.org.br\/wp-content\/uploads\/2025\/01\/marta-1024x678.jpg 1024w, https:\/\/acrj.org.br\/wp-content\/uploads\/2025\/01\/marta-300x199.jpg 300w, https:\/\/acrj.org.br\/wp-content\/uploads\/2025\/01\/marta-768x509.jpg 768w, https:\/\/acrj.org.br\/wp-content\/uploads\/2025\/01\/marta-1536x1018.jpg 1536w, https:\/\/acrj.org.br\/wp-content\/uploads\/2025\/01\/marta.jpg 1698w\" sizes=\"(max-width: 1024px) 100vw, 1024px\" \/><\/figure>\n\n\n\n<figure class=\"wp-block-image size-large is-resized\"><img loading=\"lazy\" decoding=\"async\" width=\"1024\" height=\"678\" src=\"https:\/\/acrj.org.br\/wp-content\/uploads\/2025\/01\/plateia-1024x678.jpg\" alt=\"\" class=\"wp-image-33895\" style=\"width:350px\" srcset=\"https:\/\/acrj.org.br\/wp-content\/uploads\/2025\/01\/plateia-1024x678.jpg 1024w, https:\/\/acrj.org.br\/wp-content\/uploads\/2025\/01\/plateia-300x199.jpg 300w, https:\/\/acrj.org.br\/wp-content\/uploads\/2025\/01\/plateia-768x509.jpg 768w, https:\/\/acrj.org.br\/wp-content\/uploads\/2025\/01\/plateia-1536x1018.jpg 1536w, https:\/\/acrj.org.br\/wp-content\/uploads\/2025\/01\/plateia.jpg 1698w\" sizes=\"(max-width: 1024px) 100vw, 1024px\" \/><\/figure>\n\n\n\n<figure class=\"wp-block-image size-large is-resized\"><img loading=\"lazy\" decoding=\"async\" width=\"1698\" height=\"956\" src=\"https:\/\/acrj.org.br\/wp-content\/uploads\/2025\/01\/mesa-principal-edited.jpg\" alt=\"\" class=\"wp-image-33893\" style=\"width:350px\" srcset=\"https:\/\/acrj.org.br\/wp-content\/uploads\/2025\/01\/mesa-principal-edited.jpg 1698w, https:\/\/acrj.org.br\/wp-content\/uploads\/2025\/01\/mesa-principal-edited-300x169.jpg 300w, https:\/\/acrj.org.br\/wp-content\/uploads\/2025\/01\/mesa-principal-edited-1024x577.jpg 1024w, https:\/\/acrj.org.br\/wp-content\/uploads\/2025\/01\/mesa-principal-edited-768x432.jpg 768w, https:\/\/acrj.org.br\/wp-content\/uploads\/2025\/01\/mesa-principal-edited-1536x865.jpg 1536w\" sizes=\"(max-width: 1698px) 100vw, 1698px\" \/><\/figure>\n\n\n\n<figure class=\"wp-block-image size-large is-resized\"><img loading=\"lazy\" decoding=\"async\" width=\"1024\" height=\"789\" src=\"https:\/\/acrj.org.br\/wp-content\/uploads\/2025\/01\/agerio-1024x789.jpeg\" alt=\"\" class=\"wp-image-33901\" style=\"width:350px\" srcset=\"https:\/\/acrj.org.br\/wp-content\/uploads\/2025\/01\/agerio-1024x789.jpeg 1024w, https:\/\/acrj.org.br\/wp-content\/uploads\/2025\/01\/agerio-300x231.jpeg 300w, https:\/\/acrj.org.br\/wp-content\/uploads\/2025\/01\/agerio-768x592.jpeg 768w, https:\/\/acrj.org.br\/wp-content\/uploads\/2025\/01\/agerio-1536x1184.jpeg 1536w, https:\/\/acrj.org.br\/wp-content\/uploads\/2025\/01\/agerio.jpeg 1600w\" sizes=\"(max-width: 1024px) 100vw, 1024px\" \/><figcaption class=\"wp-element-caption\">Presidente da Agerio, Sergio Gusman, e <br>diretor executivo, Marcus Pinheiro, com Josier Vilar<\/figcaption><\/figure>\n\n\n\n<figure class=\"wp-block-image size-large is-resized\"><img loading=\"lazy\" decoding=\"async\" width=\"1024\" height=\"678\" src=\"https:\/\/acrj.org.br\/wp-content\/uploads\/2025\/01\/caetano-1024x678.jpg\" alt=\"\" class=\"wp-image-33899\" style=\"width:350px\" srcset=\"https:\/\/acrj.org.br\/wp-content\/uploads\/2025\/01\/caetano-1024x678.jpg 1024w, https:\/\/acrj.org.br\/wp-content\/uploads\/2025\/01\/caetano-300x199.jpg 300w, https:\/\/acrj.org.br\/wp-content\/uploads\/2025\/01\/caetano-768x509.jpg 768w, https:\/\/acrj.org.br\/wp-content\/uploads\/2025\/01\/caetano-1536x1018.jpg 1536w, https:\/\/acrj.org.br\/wp-content\/uploads\/2025\/01\/caetano.jpg 1698w\" sizes=\"(max-width: 1024px) 100vw, 1024px\" \/><figcaption class=\"wp-element-caption\">Josier Vilar e Luiz C\u00e9sio Caetano<\/figcaption><\/figure>\n\n\n\n<p>Fotos: Raul Moreira<\/p>\n","protected":false},"excerpt":{"rendered":"<p>A ACRJ recebeu, nesta 6\u00aa feira (24\/1), o economista-chefe do BTG Pactual e ex-secret\u00e1rio do Tesouro Nacional, Mansueto Almeida, para um almo\u00e7o com empres\u00e1rios. Ele&hellip;<\/p>\n","protected":false},"author":3,"featured_media":33898,"comment_status":"closed","ping_status":"closed","sticky":false,"template":"","format":"standard","meta":{"_exactmetrics_skip_tracking":false,"_exactmetrics_sitenote_active":false,"_exactmetrics_sitenote_note":"","_exactmetrics_sitenote_category":0,"footnotes":""},"categories":[6,10],"tags":[],"class_list":["post-33888","post","type-post","status-publish","format-standard","has-post-thumbnail","hentry","category-destaque_noticias","category-noticias"],"_links":{"self":[{"href":"https:\/\/acrj.org.br\/index.php\/wp-json\/wp\/v2\/posts\/33888","targetHints":{"allow":["GET"]}}],"collection":[{"href":"https:\/\/acrj.org.br\/index.php\/wp-json\/wp\/v2\/posts"}],"about":[{"href":"https:\/\/acrj.org.br\/index.php\/wp-json\/wp\/v2\/types\/post"}],"author":[{"embeddable":true,"href":"https:\/\/acrj.org.br\/index.php\/wp-json\/wp\/v2\/users\/3"}],"replies":[{"embeddable":true,"href":"https:\/\/acrj.org.br\/index.php\/wp-json\/wp\/v2\/comments?post=33888"}],"version-history":[{"count":0,"href":"https:\/\/acrj.org.br\/index.php\/wp-json\/wp\/v2\/posts\/33888\/revisions"}],"wp:featuredmedia":[{"embeddable":true,"href":"https:\/\/acrj.org.br\/index.php\/wp-json\/wp\/v2\/media\/33898"}],"wp:attachment":[{"href":"https:\/\/acrj.org.br\/index.php\/wp-json\/wp\/v2\/media?parent=33888"}],"wp:term":[{"taxonomy":"category","embeddable":true,"href":"https:\/\/acrj.org.br\/index.php\/wp-json\/wp\/v2\/categories?post=33888"},{"taxonomy":"post_tag","embeddable":true,"href":"https:\/\/acrj.org.br\/index.php\/wp-json\/wp\/v2\/tags?post=33888"}],"curies":[{"name":"wp","href":"https:\/\/api.w.org\/{rel}","templated":true}]}}