{"id":3377,"date":"2019-05-17T22:40:00","date_gmt":"2019-05-18T01:40:00","guid":{"rendered":"http:\/\/acrj2020.profissional.ws\/?p=3377"},"modified":"2020-03-02T22:41:39","modified_gmt":"2020-03-03T01:41:39","slug":"com-apoio-da-acrj-oitava-edicao-do-green-rio-comeca-no-dia-23-de-maio","status":"publish","type":"post","link":"https:\/\/acrj.org.br\/index.php\/2019\/05\/17\/com-apoio-da-acrj-oitava-edicao-do-green-rio-comeca-no-dia-23-de-maio\/","title":{"rendered":"Com apoio da ACRJ, oitava edi\u00e7\u00e3o do Green Rio come\u00e7a no dia 23 de maio"},"content":{"rendered":"\n<p>Com apoio da Associa\u00e7\u00e3o Comercial do Rio de Janeiro, a oitava edi\u00e7\u00e3o do Green Rio ser\u00e1 realizada a partir da pr\u00f3xima quinta-feira, 23 de maio. O evento, que teve sua primeira edi\u00e7\u00e3o em 2012, re\u00fane expositores, palestrantes e representantes da chamada Economia Verde, dos setores org\u00e2nico e sustent\u00e1vel.<\/p>\n\n\n\n<p>Durante os tr\u00eas dias do evento, nos dias 23, 24 e 25 de maio, o p\u00fablico ter\u00e1 a chance de conhecer produtores comprometidos com alimenta\u00e7\u00e3o saud\u00e1vel e desenvolvimento sustent\u00e1vel. Palestrantes brasileiros e internacionais v\u00e3o falar sobre bioeconomia, org\u00e2nicos, cosm\u00e9ticos sustent\u00e1veis e alimenta\u00e7\u00e3o saud\u00e1vel durante a oitava edi\u00e7\u00e3o do evento.<\/p>\n\n\n\n<p>O Green Rio ser\u00e1 realizado na Marina da Gl\u00f3ria, no Rio de Janeiro, entre as 10h e 18h no dia 23 e 24 e entre as 10h e 17h no dia 25. As inscri\u00e7\u00f5es para a feira e as palestras s\u00e3o gratuitas e podem ser feitas pelo site www.greenrio.com.br. Os lugares para assistir \u00e0s palestras ser\u00e3o por ordem de chegada.<\/p>\n","protected":false},"excerpt":{"rendered":"<p>Com apoio da Associa\u00e7\u00e3o Comercial do Rio de Janeiro, a oitava edi\u00e7\u00e3o do Green Rio ser\u00e1 realizada a partir da pr\u00f3xima quinta-feira, 23 de maio.&hellip;<\/p>\n","protected":false},"author":1,"featured_media":3378,"comment_status":"closed","ping_status":"open","sticky":false,"template":"","format":"standard","meta":{"_exactmetrics_skip_tracking":false,"_exactmetrics_sitenote_active":false,"_exactmetrics_sitenote_note":"","_exactmetrics_sitenote_category":0,"footnotes":""},"categories":[10],"tags":[],"class_list":["post-3377","post","type-post","status-publish","format-standard","has-post-thumbnail","hentry","category-noticias"],"_links":{"self":[{"href":"https:\/\/acrj.org.br\/index.php\/wp-json\/wp\/v2\/posts\/3377","targetHints":{"allow":["GET"]}}],"collection":[{"href":"https:\/\/acrj.org.br\/index.php\/wp-json\/wp\/v2\/posts"}],"about":[{"href":"https:\/\/acrj.org.br\/index.php\/wp-json\/wp\/v2\/types\/post"}],"author":[{"embeddable":true,"href":"https:\/\/acrj.org.br\/index.php\/wp-json\/wp\/v2\/users\/1"}],"replies":[{"embeddable":true,"href":"https:\/\/acrj.org.br\/index.php\/wp-json\/wp\/v2\/comments?post=3377"}],"version-history":[{"count":0,"href":"https:\/\/acrj.org.br\/index.php\/wp-json\/wp\/v2\/posts\/3377\/revisions"}],"wp:featuredmedia":[{"embeddable":true,"href":"https:\/\/acrj.org.br\/index.php\/wp-json\/wp\/v2\/media\/3378"}],"wp:attachment":[{"href":"https:\/\/acrj.org.br\/index.php\/wp-json\/wp\/v2\/media?parent=3377"}],"wp:term":[{"taxonomy":"category","embeddable":true,"href":"https:\/\/acrj.org.br\/index.php\/wp-json\/wp\/v2\/categories?post=3377"},{"taxonomy":"post_tag","embeddable":true,"href":"https:\/\/acrj.org.br\/index.php\/wp-json\/wp\/v2\/tags?post=3377"}],"curies":[{"name":"wp","href":"https:\/\/api.w.org\/{rel}","templated":true}]}}