{"id":3374,"date":"2019-05-21T21:39:00","date_gmt":"2019-05-22T00:39:00","guid":{"rendered":"http:\/\/acrj2020.profissional.ws\/?p=3374"},"modified":"2020-03-02T22:40:15","modified_gmt":"2020-03-03T01:40:15","slug":"humberto-mota-filho-e-indicado-para-comissao-da-oab","status":"publish","type":"post","link":"https:\/\/acrj.org.br\/index.php\/2019\/05\/21\/humberto-mota-filho-e-indicado-para-comissao-da-oab\/","title":{"rendered":"Humberto Mota Filho \u00e9 indicado para Comiss\u00e3o da OAB"},"content":{"rendered":"\n<p>O Presidente do Conselho Empresarial de Governan\u00e7a e Compliance da ACRJ, Humberto Mota Filho, foi indicado pela Ordem dos Advogados do Brasil para assumir a Presid\u00eancia da Comiss\u00e3o de Estudos da Transpar\u00eancia P\u00fablica do \u00f3rg\u00e3o. \u201dMais um desafio para avan\u00e7ar rumo \u00e0s contas abertas, \u00e0 presta\u00e7\u00e3o de contas por efetividade e para divulga\u00e7\u00e3o e replica\u00e7\u00e3o das boas pol\u00edticas p\u00fablicas. Fico \u00e0 disposi\u00e7\u00e3o de todos que precisem avan\u00e7ar nesses temas\u201d, afirmou Humberto, que tamb\u00e9m agradeceu ao Presidente da OAB\/RJ, Luciano Bandeira, pela nomea\u00e7\u00e3o.<\/p>\n\n\n\n<p>O intuito da Comiss\u00e3o \u00e9 contribuir para identificar os avan\u00e7os institucionais do Estado brasileiro, bem como propor medidas de corre\u00e7\u00e3o e aperfei\u00e7oamento de normas, pr\u00e1ticas e fiscaliza\u00e7\u00f5es.<\/p>\n\n\n\n<p>A Comiss\u00e3o foi criada a partir do momento em que a OAB\/RJ &#8211; levando em considera\u00e7\u00e3o o debate atual da Governan\u00e7a P\u00fablica &#8211; atentou para a necessidade de uma maior integra\u00e7\u00e3o, nova gest\u00e3o e administra\u00e7\u00e3o das pol\u00edticas p\u00fablicas e da divulga\u00e7\u00e3o dos seus resultados concretos, poss\u00edveis corre\u00e7\u00f5es de rumo e desenvolvimento de inova\u00e7\u00f5es. Como consequ\u00eancia, a OAB investiu no estudo das formas mais efetivas de presta\u00e7\u00e3o de contas da administra\u00e7\u00e3o p\u00fablica, no sentido moderno de accountability democr\u00e1tica, resultando na cria\u00e7\u00e3o da Comiss\u00e3o.<\/p>\n","protected":false},"excerpt":{"rendered":"<p>O Presidente do Conselho Empresarial de Governan\u00e7a e Compliance da ACRJ, Humberto Mota Filho, foi indicado pela Ordem dos Advogados do Brasil para assumir a&hellip;<\/p>\n","protected":false},"author":1,"featured_media":3375,"comment_status":"closed","ping_status":"open","sticky":false,"template":"","format":"standard","meta":{"_exactmetrics_skip_tracking":false,"_exactmetrics_sitenote_active":false,"_exactmetrics_sitenote_note":"","_exactmetrics_sitenote_category":0,"footnotes":""},"categories":[10],"tags":[],"class_list":["post-3374","post","type-post","status-publish","format-standard","has-post-thumbnail","hentry","category-noticias"],"_links":{"self":[{"href":"https:\/\/acrj.org.br\/index.php\/wp-json\/wp\/v2\/posts\/3374","targetHints":{"allow":["GET"]}}],"collection":[{"href":"https:\/\/acrj.org.br\/index.php\/wp-json\/wp\/v2\/posts"}],"about":[{"href":"https:\/\/acrj.org.br\/index.php\/wp-json\/wp\/v2\/types\/post"}],"author":[{"embeddable":true,"href":"https:\/\/acrj.org.br\/index.php\/wp-json\/wp\/v2\/users\/1"}],"replies":[{"embeddable":true,"href":"https:\/\/acrj.org.br\/index.php\/wp-json\/wp\/v2\/comments?post=3374"}],"version-history":[{"count":0,"href":"https:\/\/acrj.org.br\/index.php\/wp-json\/wp\/v2\/posts\/3374\/revisions"}],"wp:featuredmedia":[{"embeddable":true,"href":"https:\/\/acrj.org.br\/index.php\/wp-json\/wp\/v2\/media\/3375"}],"wp:attachment":[{"href":"https:\/\/acrj.org.br\/index.php\/wp-json\/wp\/v2\/media?parent=3374"}],"wp:term":[{"taxonomy":"category","embeddable":true,"href":"https:\/\/acrj.org.br\/index.php\/wp-json\/wp\/v2\/categories?post=3374"},{"taxonomy":"post_tag","embeddable":true,"href":"https:\/\/acrj.org.br\/index.php\/wp-json\/wp\/v2\/tags?post=3374"}],"curies":[{"name":"wp","href":"https:\/\/api.w.org\/{rel}","templated":true}]}}