{"id":33703,"date":"2025-01-13T16:02:11","date_gmt":"2025-01-13T19:02:11","guid":{"rendered":"https:\/\/acrj.org.br\/?p=33703"},"modified":"2025-01-22T12:05:27","modified_gmt":"2025-01-22T15:05:27","slug":"economista-chefe-do-btg-pactual-participa-do-almoco-do-empresario","status":"publish","type":"post","link":"https:\/\/acrj.org.br\/index.php\/2025\/01\/13\/economista-chefe-do-btg-pactual-participa-do-almoco-do-empresario\/","title":{"rendered":"Economista-chefe do BTG Pactual participa do Almo\u00e7o do Empres\u00e1rio"},"content":{"rendered":"\n<p>A ACRJ promove, dia 24 de janeiro, o Almo\u00e7o do Empres\u00e1rio com a partcipa\u00e7\u00e3o do economista-chefe do Banco BTG Pactual, Mansueto Almeida.<\/p>\n\n\n\n<p>Outras informa\u00e7\u00f5es sobre ades\u00e3o ao evento pelos telefones: 21-2514-1206 \/\/ 1280.<\/p>\n\n\n\n<p><\/p>\n","protected":false},"excerpt":{"rendered":"<p>A ACRJ promove, dia 24 de janeiro, o Almo\u00e7o do Empres\u00e1rio com a partcipa\u00e7\u00e3o do economista-chefe do Banco BTG Pactual, Mansueto Almeida. Outras informa\u00e7\u00f5es sobre&hellip;<\/p>\n","protected":false},"author":3,"featured_media":33839,"comment_status":"closed","ping_status":"closed","sticky":false,"template":"","format":"standard","meta":{"_exactmetrics_skip_tracking":false,"_exactmetrics_sitenote_active":false,"_exactmetrics_sitenote_note":"","_exactmetrics_sitenote_category":0,"footnotes":""},"categories":[55,83],"tags":[],"class_list":["post-33703","post","type-post","status-publish","format-standard","has-post-thumbnail","hentry","category-destaque_eventos","category-eventos_acrj"],"_links":{"self":[{"href":"https:\/\/acrj.org.br\/index.php\/wp-json\/wp\/v2\/posts\/33703","targetHints":{"allow":["GET"]}}],"collection":[{"href":"https:\/\/acrj.org.br\/index.php\/wp-json\/wp\/v2\/posts"}],"about":[{"href":"https:\/\/acrj.org.br\/index.php\/wp-json\/wp\/v2\/types\/post"}],"author":[{"embeddable":true,"href":"https:\/\/acrj.org.br\/index.php\/wp-json\/wp\/v2\/users\/3"}],"replies":[{"embeddable":true,"href":"https:\/\/acrj.org.br\/index.php\/wp-json\/wp\/v2\/comments?post=33703"}],"version-history":[{"count":0,"href":"https:\/\/acrj.org.br\/index.php\/wp-json\/wp\/v2\/posts\/33703\/revisions"}],"wp:featuredmedia":[{"embeddable":true,"href":"https:\/\/acrj.org.br\/index.php\/wp-json\/wp\/v2\/media\/33839"}],"wp:attachment":[{"href":"https:\/\/acrj.org.br\/index.php\/wp-json\/wp\/v2\/media?parent=33703"}],"wp:term":[{"taxonomy":"category","embeddable":true,"href":"https:\/\/acrj.org.br\/index.php\/wp-json\/wp\/v2\/categories?post=33703"},{"taxonomy":"post_tag","embeddable":true,"href":"https:\/\/acrj.org.br\/index.php\/wp-json\/wp\/v2\/tags?post=33703"}],"curies":[{"name":"wp","href":"https:\/\/api.w.org\/{rel}","templated":true}]}}