{"id":33674,"date":"2025-01-10T10:55:59","date_gmt":"2025-01-10T13:55:59","guid":{"rendered":"https:\/\/acrj.org.br\/?p=33674"},"modified":"2025-09-16T15:55:27","modified_gmt":"2025-09-16T18:55:27","slug":"delegacao-da-acrj-participa-da-nrf-2025","status":"publish","type":"post","link":"https:\/\/acrj.org.br\/index.php\/2025\/01\/10\/delegacao-da-acrj-participa-da-nrf-2025\/","title":{"rendered":"Delega\u00e7\u00e3o da ACRJ participa da maior feira de varejo do mundo"},"content":{"rendered":"\n<p>A ACRJ est\u00e1 representada por membros do Conselho Empresarial de Varejo na maior feira do varejo do mundo, a NRF 2025 RETAIL&#8217;S BIG SHOW, que acontece de 12 a 14 de janeiro, em Nova Iorque.<\/p>\n\n\n\n<p>Nesta 115\u00aa edi\u00e7\u00e3o do evento, o presidente do Conselho, Juedir Teixeira, e o vice, Ricardo Guin\u00e2ncio, est\u00e3o liderando um grupo com 140 empres\u00e1rios que v\u00e3o conhecer as principais tend\u00eancias do varejo em \u00e1reas como tecnologia, log\u00edstica, gest\u00e3o, inova\u00e7\u00e3o e muito mais. A programa\u00e7\u00e3o da delega\u00e7\u00e3o da ACRJ, entre os dias 9 e 18\/1, inclui, a participa\u00e7\u00e3o no Workshop de abertura New York Retail Summit 25 e na festa de abertura da NRF, al\u00e9m de visitas t\u00e9cnicas, entre outras atividades.<\/p>\n\n\n\n<p>A feira \u00e9 o principal evento anual de varejo do mundo, reunindo cerca de 35 mil profissionais a cada edi\u00e7\u00e3o e fornecedores de mais de 90 pa\u00edses para oportunidades educacionais e de networking. Na \u00faltima edi\u00e7\u00e3o, no ano passado, cerca de 40 mil pessoas de 104 pa\u00edses participaram, sendo aproximadamente 2.500 brasileiros. O evento contou com 450 palestrantes e mil expositores.<\/p>\n","protected":false},"excerpt":{"rendered":"<p>A ACRJ est\u00e1 representada por membros do Conselho Empresarial de Varejo na maior feira do varejo do mundo, a NRF 2025 RETAIL&#8217;S BIG SHOW, que&hellip;<\/p>\n","protected":false},"author":3,"featured_media":33925,"comment_status":"closed","ping_status":"closed","sticky":false,"template":"","format":"standard","meta":{"_exactmetrics_skip_tracking":false,"_exactmetrics_sitenote_active":false,"_exactmetrics_sitenote_note":"","_exactmetrics_sitenote_category":0,"footnotes":""},"categories":[56,10],"tags":[],"class_list":["post-33674","post","type-post","status-publish","format-standard","has-post-thumbnail","hentry","category-destaque_conselhos","category-noticias"],"_links":{"self":[{"href":"https:\/\/acrj.org.br\/index.php\/wp-json\/wp\/v2\/posts\/33674","targetHints":{"allow":["GET"]}}],"collection":[{"href":"https:\/\/acrj.org.br\/index.php\/wp-json\/wp\/v2\/posts"}],"about":[{"href":"https:\/\/acrj.org.br\/index.php\/wp-json\/wp\/v2\/types\/post"}],"author":[{"embeddable":true,"href":"https:\/\/acrj.org.br\/index.php\/wp-json\/wp\/v2\/users\/3"}],"replies":[{"embeddable":true,"href":"https:\/\/acrj.org.br\/index.php\/wp-json\/wp\/v2\/comments?post=33674"}],"version-history":[{"count":0,"href":"https:\/\/acrj.org.br\/index.php\/wp-json\/wp\/v2\/posts\/33674\/revisions"}],"wp:featuredmedia":[{"embeddable":true,"href":"https:\/\/acrj.org.br\/index.php\/wp-json\/wp\/v2\/media\/33925"}],"wp:attachment":[{"href":"https:\/\/acrj.org.br\/index.php\/wp-json\/wp\/v2\/media?parent=33674"}],"wp:term":[{"taxonomy":"category","embeddable":true,"href":"https:\/\/acrj.org.br\/index.php\/wp-json\/wp\/v2\/categories?post=33674"},{"taxonomy":"post_tag","embeddable":true,"href":"https:\/\/acrj.org.br\/index.php\/wp-json\/wp\/v2\/tags?post=33674"}],"curies":[{"name":"wp","href":"https:\/\/api.w.org\/{rel}","templated":true}]}}