{"id":33580,"date":"2024-12-17T09:15:00","date_gmt":"2024-12-17T12:15:00","guid":{"rendered":"https:\/\/acrj.org.br\/?p=33580"},"modified":"2025-01-16T09:40:23","modified_gmt":"2025-01-16T12:40:23","slug":"acrj-participa-do-lancamento-do-projeto-piloto-do-onibus-movido-a-gas-natural-e-biometano","status":"publish","type":"post","link":"https:\/\/acrj.org.br\/index.php\/2024\/12\/17\/acrj-participa-do-lancamento-do-projeto-piloto-do-onibus-movido-a-gas-natural-e-biometano\/","title":{"rendered":"ACRJ participa do lan\u00e7amento do projeto piloto do \u00f4nibus movido a g\u00e1s natural e biometano"},"content":{"rendered":"\n<p>O presidente do Conselho Empresarial de Energia e Transi\u00e7\u00e3o Energ\u00e9tica da ACRJ, Gabriel Kropsch, representou o presidente Josier Vilar no lan\u00e7amento do projeto piloto do \u00f4nibus movido a g\u00e1s natural e biometano no Rio de Janeiro. A iniciativa marca o avan\u00e7o de uma jornada iniciada h\u00e1 anos para &nbsp;construir um transporte p\u00fablico mais moderno, sustent\u00e1vel e acess\u00edvel e descarbonizar o transporte p\u00fablico no Rio e no Brasil.<\/p>\n\n\n\n<p>A cerim\u00f4nia realizada dia 16\/12, no Pal\u00e1cio Guanabara, contou com a presen\u00e7a do governador Cl\u00e1udio Castro; do secret\u00e1rio de Energia e Economia do Mar, Cassio Coelho; do secret\u00e1rio de Transportes, Washington Reis, e do presidente do Detro-RJ, Leonardo Matias, al\u00e9m de outras autoridades e empres\u00e1rios.<\/p>\n\n\n\n<p>Durante o evento foi assinado o acordo que estabelece uma coopera\u00e7\u00e3o estrat\u00e9gica para fomentar a participa\u00e7\u00e3o do g\u00e1s natural e do biometano na matriz de mobilidade urbana e intermunicipal do estado, que teve a contribui\u00e7\u00e3o da ACRJ em sua elabora\u00e7\u00e3o.<\/p>\n\n\n\n<p>\u201cEste \u00f4nibus simboliza mais do que uma simples inova\u00e7\u00e3o tecnol\u00f3gica. \u00c9 um esfor\u00e7o coletivo que re\u00fane ind\u00fastria, governo e setor privado na busca por um transporte mais limpo e eficiente. Essa alternativa energ\u00e9tica \u00e9 vi\u00e1vel, reduz custos operacionais e, principalmente, impacta positivamente o meio ambiente e a qualidade de vida da popula\u00e7\u00e3o. Transforma\u00e7\u00f5es significativas exigem persist\u00eancia e di\u00e1logo entre todos os setores envolvidos. Este \u00e9 apenas o come\u00e7o\u201d, disse Gabriel, que agradeceu o apoio da ACRJ, na figura do presidente Josier Vilar, no desenvolvimento deste projeto.<\/p>\n\n\n\n<figure class=\"wp-block-image size-large is-resized\"><img fetchpriority=\"high\" decoding=\"async\" width=\"1024\" height=\"682\" src=\"https:\/\/acrj.org.br\/wp-content\/uploads\/2024\/12\/WhatsApp-Image-2024-12-17-at-09.15.26-1024x682.jpeg\" alt=\"\" class=\"wp-image-33576\" style=\"width:360px\" srcset=\"https:\/\/acrj.org.br\/wp-content\/uploads\/2024\/12\/WhatsApp-Image-2024-12-17-at-09.15.26-1024x682.jpeg 1024w, https:\/\/acrj.org.br\/wp-content\/uploads\/2024\/12\/WhatsApp-Image-2024-12-17-at-09.15.26-300x200.jpeg 300w, https:\/\/acrj.org.br\/wp-content\/uploads\/2024\/12\/WhatsApp-Image-2024-12-17-at-09.15.26-768x512.jpeg 768w, https:\/\/acrj.org.br\/wp-content\/uploads\/2024\/12\/WhatsApp-Image-2024-12-17-at-09.15.26-1536x1023.jpeg 1536w, https:\/\/acrj.org.br\/wp-content\/uploads\/2024\/12\/WhatsApp-Image-2024-12-17-at-09.15.26.jpeg 1600w\" sizes=\"(max-width: 1024px) 100vw, 1024px\" \/><figcaption class=\"wp-element-caption\">Membros do Conselho de Energia no evento<\/figcaption><\/figure>\n\n\n\n<figure class=\"wp-block-image size-full is-resized\"><img decoding=\"async\" width=\"748\" height=\"561\" src=\"https:\/\/acrj.org.br\/wp-content\/uploads\/2024\/12\/WhatsApp-Image-2024-12-17-at-09.15.27-edited.jpeg\" alt=\"\" class=\"wp-image-33578\" style=\"width:360px\" srcset=\"https:\/\/acrj.org.br\/wp-content\/uploads\/2024\/12\/WhatsApp-Image-2024-12-17-at-09.15.27-edited.jpeg 748w, https:\/\/acrj.org.br\/wp-content\/uploads\/2024\/12\/WhatsApp-Image-2024-12-17-at-09.15.27-edited-300x225.jpeg 300w\" sizes=\"(max-width: 748px) 100vw, 748px\" \/><figcaption class=\"wp-element-caption\">Gabriel Kropsch representou a ACRJ na assinatura do acordo<\/figcaption><\/figure>\n\n\n\n<p><em>Fotos: Vin\u00edcus Magalh\u00e3es\/Firjan<\/em><\/p>\n","protected":false},"excerpt":{"rendered":"<p>O presidente do Conselho Empresarial de Energia e Transi\u00e7\u00e3o Energ\u00e9tica da ACRJ, Gabriel Kropsch, representou o presidente Josier Vilar no lan\u00e7amento do projeto piloto do&hellip;<\/p>\n","protected":false},"author":3,"featured_media":33575,"comment_status":"closed","ping_status":"closed","sticky":false,"template":"","format":"standard","meta":{"_exactmetrics_skip_tracking":false,"_exactmetrics_sitenote_active":false,"_exactmetrics_sitenote_note":"","_exactmetrics_sitenote_category":0,"footnotes":""},"categories":[6,10],"tags":[],"class_list":["post-33580","post","type-post","status-publish","format-standard","has-post-thumbnail","hentry","category-destaque_noticias","category-noticias"],"_links":{"self":[{"href":"https:\/\/acrj.org.br\/index.php\/wp-json\/wp\/v2\/posts\/33580","targetHints":{"allow":["GET"]}}],"collection":[{"href":"https:\/\/acrj.org.br\/index.php\/wp-json\/wp\/v2\/posts"}],"about":[{"href":"https:\/\/acrj.org.br\/index.php\/wp-json\/wp\/v2\/types\/post"}],"author":[{"embeddable":true,"href":"https:\/\/acrj.org.br\/index.php\/wp-json\/wp\/v2\/users\/3"}],"replies":[{"embeddable":true,"href":"https:\/\/acrj.org.br\/index.php\/wp-json\/wp\/v2\/comments?post=33580"}],"version-history":[{"count":0,"href":"https:\/\/acrj.org.br\/index.php\/wp-json\/wp\/v2\/posts\/33580\/revisions"}],"wp:featuredmedia":[{"embeddable":true,"href":"https:\/\/acrj.org.br\/index.php\/wp-json\/wp\/v2\/media\/33575"}],"wp:attachment":[{"href":"https:\/\/acrj.org.br\/index.php\/wp-json\/wp\/v2\/media?parent=33580"}],"wp:term":[{"taxonomy":"category","embeddable":true,"href":"https:\/\/acrj.org.br\/index.php\/wp-json\/wp\/v2\/categories?post=33580"},{"taxonomy":"post_tag","embeddable":true,"href":"https:\/\/acrj.org.br\/index.php\/wp-json\/wp\/v2\/tags?post=33580"}],"curies":[{"name":"wp","href":"https:\/\/api.w.org\/{rel}","templated":true}]}}