{"id":33534,"date":"2024-10-15T11:09:00","date_gmt":"2024-10-15T14:09:00","guid":{"rendered":"https:\/\/acrj.org.br\/?p=33534"},"modified":"2025-06-28T16:01:19","modified_gmt":"2025-06-28T19:01:19","slug":"acrj-particpa-da-posse-da-nova-diretoria-da-firjan-e-do-cirj","status":"publish","type":"post","link":"https:\/\/acrj.org.br\/index.php\/2024\/10\/15\/acrj-particpa-da-posse-da-nova-diretoria-da-firjan-e-do-cirj\/","title":{"rendered":"ACRJ participa da posse da nova diretoria da Firjan e do Cirj"},"content":{"rendered":"\n<p>O presidente da ACRJ, Josier Vilar, participou da Cerim\u00f4nia de Posse das Diretorias FIRJAN\/CIRJ, para o per\u00edodo 2024-2028, dia 14 de outubro, quando foi empossado o novo presidente Luiz C\u00e9sio Caetano. O evento contou com a participa\u00e7\u00e3o do vice-presidente da Rep\u00fablica, Geraldo Alckmin, que tamb\u00e9m \u00e9 ministro do Desenvolvimento, Ind\u00fastria, Com\u00e9rcio e Servi\u00e7os, al\u00e9m de autoridades, empres\u00e1rios e v\u00e1rios membros da diretoria da ACRJ.<\/p>\n\n\n\n<figure class=\"wp-block-image size-large is-resized\"><img fetchpriority=\"high\" decoding=\"async\" width=\"1024\" height=\"682\" src=\"https:\/\/acrj.org.br\/wp-content\/uploads\/2024\/12\/josier-1024x682.jpg\" alt=\"\" class=\"wp-image-33536\" style=\"width:350px\" srcset=\"https:\/\/acrj.org.br\/wp-content\/uploads\/2024\/12\/josier-1024x682.jpg 1024w, https:\/\/acrj.org.br\/wp-content\/uploads\/2024\/12\/josier-300x200.jpg 300w, https:\/\/acrj.org.br\/wp-content\/uploads\/2024\/12\/josier-768x512.jpg 768w, https:\/\/acrj.org.br\/wp-content\/uploads\/2024\/12\/josier-1536x1024.jpg 1536w, https:\/\/acrj.org.br\/wp-content\/uploads\/2024\/12\/josier.jpg 1688w\" sizes=\"(max-width: 1024px) 100vw, 1024px\" \/><figcaption class=\"wp-element-caption\"><em>Josier Vilar com Luiz Cesio Caetano e o vice Geraldo Alckmin<\/em><\/figcaption><\/figure>\n\n\n\n<p>Foto: Paula Johas<\/p>\n\n\n\n<figure class=\"wp-block-image size-large is-resized\"><img decoding=\"async\" width=\"1500\" height=\"844\" src=\"https:\/\/acrj.org.br\/wp-content\/uploads\/2024\/12\/ruy-edited-1.jpg\" alt=\"\" class=\"wp-image-33546\" style=\"width:350px\" srcset=\"https:\/\/acrj.org.br\/wp-content\/uploads\/2024\/12\/ruy-edited-1.jpg 1500w, https:\/\/acrj.org.br\/wp-content\/uploads\/2024\/12\/ruy-edited-1-300x169.jpg 300w, https:\/\/acrj.org.br\/wp-content\/uploads\/2024\/12\/ruy-edited-1-1024x576.jpg 1024w, https:\/\/acrj.org.br\/wp-content\/uploads\/2024\/12\/ruy-edited-1-768x432.jpg 768w\" sizes=\"(max-width: 1500px) 100vw, 1500px\" \/><figcaption class=\"wp-element-caption\">Ruy Barreto Filho, Juedir Teixeira, Laudelino <br>Costa e Marta Arakaki prestigiaram o evento<\/figcaption><\/figure>\n\n\n\n<figure class=\"wp-block-image size-large is-resized\"><img decoding=\"async\" width=\"794\" height=\"1024\" src=\"https:\/\/acrj.org.br\/wp-content\/uploads\/2024\/10\/alckmin-794x1024.jpg\" alt=\"\" class=\"wp-image-33542\" style=\"object-fit:cover;width:350px;height:300px\" srcset=\"https:\/\/acrj.org.br\/wp-content\/uploads\/2024\/10\/alckmin-794x1024.jpg 794w, https:\/\/acrj.org.br\/wp-content\/uploads\/2024\/10\/alckmin-233x300.jpg 233w, https:\/\/acrj.org.br\/wp-content\/uploads\/2024\/10\/alckmin-768x991.jpg 768w, https:\/\/acrj.org.br\/wp-content\/uploads\/2024\/10\/alckmin.jpg 1080w\" sizes=\"(max-width: 794px) 100vw, 794px\" \/><figcaption class=\"wp-element-caption\">Vice-presidente Geraldo Alckmin<\/figcaption><\/figure>\n","protected":false},"excerpt":{"rendered":"<p>O presidente da ACRJ, Josier Vilar, participou da Cerim\u00f4nia de Posse das Diretorias FIRJAN\/CIRJ, para o per\u00edodo 2024-2028, dia 14 de outubro, quando foi empossado&hellip;<\/p>\n","protected":false},"author":3,"featured_media":33535,"comment_status":"closed","ping_status":"closed","sticky":false,"template":"","format":"standard","meta":{"_exactmetrics_skip_tracking":false,"_exactmetrics_sitenote_active":false,"_exactmetrics_sitenote_note":"","_exactmetrics_sitenote_category":0,"footnotes":""},"categories":[10],"tags":[],"class_list":["post-33534","post","type-post","status-publish","format-standard","has-post-thumbnail","hentry","category-noticias"],"_links":{"self":[{"href":"https:\/\/acrj.org.br\/index.php\/wp-json\/wp\/v2\/posts\/33534","targetHints":{"allow":["GET"]}}],"collection":[{"href":"https:\/\/acrj.org.br\/index.php\/wp-json\/wp\/v2\/posts"}],"about":[{"href":"https:\/\/acrj.org.br\/index.php\/wp-json\/wp\/v2\/types\/post"}],"author":[{"embeddable":true,"href":"https:\/\/acrj.org.br\/index.php\/wp-json\/wp\/v2\/users\/3"}],"replies":[{"embeddable":true,"href":"https:\/\/acrj.org.br\/index.php\/wp-json\/wp\/v2\/comments?post=33534"}],"version-history":[{"count":0,"href":"https:\/\/acrj.org.br\/index.php\/wp-json\/wp\/v2\/posts\/33534\/revisions"}],"wp:featuredmedia":[{"embeddable":true,"href":"https:\/\/acrj.org.br\/index.php\/wp-json\/wp\/v2\/media\/33535"}],"wp:attachment":[{"href":"https:\/\/acrj.org.br\/index.php\/wp-json\/wp\/v2\/media?parent=33534"}],"wp:term":[{"taxonomy":"category","embeddable":true,"href":"https:\/\/acrj.org.br\/index.php\/wp-json\/wp\/v2\/categories?post=33534"},{"taxonomy":"post_tag","embeddable":true,"href":"https:\/\/acrj.org.br\/index.php\/wp-json\/wp\/v2\/tags?post=33534"}],"curies":[{"name":"wp","href":"https:\/\/api.w.org\/{rel}","templated":true}]}}