{"id":3349,"date":"2019-05-28T22:26:00","date_gmt":"2019-05-29T01:26:00","guid":{"rendered":"http:\/\/acrj2020.profissional.ws\/?p=3349"},"modified":"2020-03-02T22:28:59","modified_gmt":"2020-03-03T01:28:59","slug":"empresas-ficam-obrigadas-a-discriminar-na-nota-fiscal-o-icms-adicional-destinado-ao-fundo","status":"publish","type":"post","link":"https:\/\/acrj.org.br\/index.php\/2019\/05\/28\/empresas-ficam-obrigadas-a-discriminar-na-nota-fiscal-o-icms-adicional-destinado-ao-fundo\/","title":{"rendered":"Empresas ficam obrigadas a discriminar na Nota Fiscal o ICMS adicional destinado ao Fundo"},"content":{"rendered":"\t\t<div data-elementor-type=\"wp-post\" data-elementor-id=\"3349\" class=\"elementor elementor-3349\" data-elementor-post-type=\"post\">\n\t\t\t\t\t\t<section class=\"elementor-section elementor-top-section elementor-element elementor-element-48403bf9 elementor-section-boxed elementor-section-height-default elementor-section-height-default\" data-id=\"48403bf9\" data-element_type=\"section\" data-e-type=\"section\">\n\t\t\t\t\t\t<div class=\"elementor-container elementor-column-gap-default\">\n\t\t\t\t\t<div class=\"elementor-column elementor-col-100 elementor-top-column elementor-element elementor-element-705c9c1f\" data-id=\"705c9c1f\" data-element_type=\"column\" data-e-type=\"column\">\n\t\t\t<div class=\"elementor-widget-wrap elementor-element-populated\">\n\t\t\t\t\t\t<div class=\"elementor-element elementor-element-9292bab elementor-widget elementor-widget-text-editor\" data-id=\"9292bab\" data-element_type=\"widget\" data-e-type=\"widget\" data-widget_type=\"text-editor.default\">\n\t\t\t\t<div class=\"elementor-widget-container\">\n\t\t\t\t\t\t\t\t\t\n<p>Foi publicada no Di\u00e1rio Oficial do Estado de hoje, 27\/5, a Lei n\u00ba 8.405, de 24\/5\/2019, que obriga as empresas a discriminarem na nota fiscal o ICMS adicional, destinado ao Fundo de Combate \u00e0 Pobreza e \u00e0s Desigualdades Sociais (FECP), um imposto provis\u00f3rio, criado em 2002, que acabou ficando, mesmo que indevidamente, uma vez que foi homologada a sua cobran\u00e7a pelo STF (Supremo Tribunal Federal). Este adicional aumenta em 1%, 2% ou 4% o imposto sobre os bens, servi\u00e7os e contas de energia el\u00e9trica e de telefonia, o que acaba deixando o Rio de Janeiro com uma das al\u00edquotas mais altas do Brasil, de 20% a geral e de at\u00e9 31% para energia*. No ano a receita do FECP arrecadou R$ 67,71 milh\u00f5es.<\/p>\n\n\n\n<p>Caso a opera\u00e7\u00e3o n\u00e3o esteja sujeita a este imposto adicional deve constar que n\u00e3o h\u00e1 a sua cobran\u00e7a. A lei ainda depende de regulamenta\u00e7\u00e3o do Governo, mas j\u00e1 est\u00e1 em vigor, o que tamb\u00e9m \u00e9 um contrassenso.<\/p>\n\n\n\n<p><strong><em>Como \u00e9 recolhido o FECP<\/em><\/strong><\/p>\n\n\n\n<p>A guia do FECP j\u00e1 \u00e9 diferente, o que complica ainda mais a vida do contribuinte na hora de recolher. O pagamento desse adicional deve ser feito em DARJ em separado, no c\u00f3digo de receita\u00a0<strong>750 &#8211; 1 \u2013 ICMS FECP<\/strong>, exclusivamente nos bancos BANERJ S\/A, ITA\u00da S\/A e Banco do Brasil S\/A. No campo &#8220;<strong>Informa\u00e7\u00f5es complementares<\/strong>&#8221; deve constar a express\u00e3o &#8220;<strong>FECP &#8211; Lei n\u00ba 4.056\/2002<\/strong>&#8220;, bem como, no caso de importa\u00e7\u00e3o, o\u00a0<strong>n\u00famero da Declara\u00e7\u00e3o de Importa\u00e7\u00e3o (DI)<\/strong>. No campo<strong>\u00a0&#8220;04 &#8211; N\u00ba do documento de origem&#8221;<\/strong>, dever\u00e1 ser informado o c\u00f3digo de receita do imposto relativo \u00e0s presta\u00e7\u00f5es e opera\u00e7\u00f5es que deram origem ao pagamento do adicional.<\/p>\n\n\n\n<p class=\"has-text-align-right has-medium-font-size\"> <strong>Cheryl Berno<\/strong><\/p>\n\t\t\t\t\t\t\t\t<\/div>\n\t\t\t\t<\/div>\n\t\t\t\t\t<\/div>\n\t\t<\/div>\n\t\t\t\t\t<\/div>\n\t\t<\/section>\n\t\t\t\t<section class=\"elementor-section elementor-top-section elementor-element elementor-element-fc3f15d elementor-section-boxed elementor-section-height-default elementor-section-height-default\" data-id=\"fc3f15d\" data-element_type=\"section\" data-e-type=\"section\">\n\t\t\t\t\t\t<div class=\"elementor-container elementor-column-gap-default\">\n\t\t\t\t\t<div class=\"elementor-column elementor-col-100 elementor-top-column elementor-element elementor-element-eed3939\" data-id=\"eed3939\" data-element_type=\"column\" data-e-type=\"column\">\n\t\t\t<div class=\"elementor-widget-wrap elementor-element-populated\">\n\t\t\t\t\t\t<div class=\"elementor-element elementor-element-60db30e elementor-widget elementor-widget-image\" data-id=\"60db30e\" data-element_type=\"widget\" data-e-type=\"widget\" data-widget_type=\"image.default\">\n\t\t\t\t<div class=\"elementor-widget-container\">\n\t\t\t\t\t\t\t\t\t\t\t\t\t\t\t<img fetchpriority=\"high\" decoding=\"async\" width=\"640\" height=\"294\" src=\"https:\/\/acrj.org.br\/wp-content\/uploads\/2019\/05\/Tabela-Cheryl-ICMS.png\" class=\"attachment-full size-full wp-image-3352\" alt=\"\" srcset=\"https:\/\/acrj.org.br\/wp-content\/uploads\/2019\/05\/Tabela-Cheryl-ICMS.png 640w, https:\/\/acrj.org.br\/wp-content\/uploads\/2019\/05\/Tabela-Cheryl-ICMS-600x276.png 600w, https:\/\/acrj.org.br\/wp-content\/uploads\/2019\/05\/Tabela-Cheryl-ICMS-300x138.png 300w\" sizes=\"(max-width: 640px) 100vw, 640px\" \/>\t\t\t\t\t\t\t\t\t\t\t\t\t\t\t<\/div>\n\t\t\t\t<\/div>\n\t\t\t\t\t<\/div>\n\t\t<\/div>\n\t\t\t\t\t<\/div>\n\t\t<\/section>\n\t\t\t\t<\/div>\n\t\t","protected":false},"excerpt":{"rendered":"<p>Foi publicada no Di\u00e1rio Oficial do Estado de hoje, 27\/5, a Lei n\u00ba 8.405, de 24\/5\/2019, que obriga as empresas a discriminarem na nota fiscal&hellip;<\/p>\n","protected":false},"author":1,"featured_media":3350,"comment_status":"closed","ping_status":"open","sticky":false,"template":"","format":"standard","meta":{"_exactmetrics_skip_tracking":false,"_exactmetrics_sitenote_active":false,"_exactmetrics_sitenote_note":"","_exactmetrics_sitenote_category":0,"footnotes":""},"categories":[10],"tags":[],"class_list":["post-3349","post","type-post","status-publish","format-standard","has-post-thumbnail","hentry","category-noticias"],"_links":{"self":[{"href":"https:\/\/acrj.org.br\/index.php\/wp-json\/wp\/v2\/posts\/3349","targetHints":{"allow":["GET"]}}],"collection":[{"href":"https:\/\/acrj.org.br\/index.php\/wp-json\/wp\/v2\/posts"}],"about":[{"href":"https:\/\/acrj.org.br\/index.php\/wp-json\/wp\/v2\/types\/post"}],"author":[{"embeddable":true,"href":"https:\/\/acrj.org.br\/index.php\/wp-json\/wp\/v2\/users\/1"}],"replies":[{"embeddable":true,"href":"https:\/\/acrj.org.br\/index.php\/wp-json\/wp\/v2\/comments?post=3349"}],"version-history":[{"count":0,"href":"https:\/\/acrj.org.br\/index.php\/wp-json\/wp\/v2\/posts\/3349\/revisions"}],"wp:featuredmedia":[{"embeddable":true,"href":"https:\/\/acrj.org.br\/index.php\/wp-json\/wp\/v2\/media\/3350"}],"wp:attachment":[{"href":"https:\/\/acrj.org.br\/index.php\/wp-json\/wp\/v2\/media?parent=3349"}],"wp:term":[{"taxonomy":"category","embeddable":true,"href":"https:\/\/acrj.org.br\/index.php\/wp-json\/wp\/v2\/categories?post=3349"},{"taxonomy":"post_tag","embeddable":true,"href":"https:\/\/acrj.org.br\/index.php\/wp-json\/wp\/v2\/tags?post=3349"}],"curies":[{"name":"wp","href":"https:\/\/api.w.org\/{rel}","templated":true}]}}