{"id":33473,"date":"2024-12-12T12:49:10","date_gmt":"2024-12-12T15:49:10","guid":{"rendered":"https:\/\/acrj.org.br\/?p=33473"},"modified":"2024-12-17T15:09:56","modified_gmt":"2024-12-17T18:09:56","slug":"conselho-de-inovacao-define-eixos-de-atuacao-para-o-proximo-ano","status":"publish","type":"post","link":"https:\/\/acrj.org.br\/index.php\/2024\/12\/12\/conselho-de-inovacao-define-eixos-de-atuacao-para-o-proximo-ano\/","title":{"rendered":"Conselho de Inova\u00e7\u00e3o define eixos de atua\u00e7\u00e3o para o pr\u00f3ximo ano"},"content":{"rendered":"\n<p>Durante reuni\u00e3o realizada dia 11 de dezembro, o Conselho Empresarial de Inova\u00e7\u00e3o, Transforma\u00e7\u00e3o Digital e Tecnologia da ACRJ debateu o planejamento de a\u00e7\u00f5es para os primeiros meses do ano que vem. Entre elas, a proposta de cria\u00e7\u00e3o do projeto Jornada de Inova\u00e7\u00e3o que reunir\u00e1 empresas associadas e startups em um evento para identifica\u00e7\u00e3o de problemas e transforma\u00e7\u00e3o em desafio, sele\u00e7\u00e3o de startups, mentorias e treinamentos, segundo o presidente do Conselho, Julio Urdangarin. Ele vai apresentar esta proposta aos Conselhos da Casa para que possam participar.<\/p>\n\n\n\n<p>Outro tema da pauta foi a forma\u00e7\u00e3o m\u00e3o de obra especializada para a \u00e1rea de tecnologia, que prev\u00ea verificar os gaps de profissionais e habilidades em empresas e startups para a montagem dos programas de forma\u00e7\u00e3o. Os conselheiros prop\u00f5em que esta etapa tenha a participa\u00e7\u00e3o dos demais Conselhos Empresariais da ACRJ, que poder\u00e3o apontar tamb\u00e9m suas necessidades de m\u00e3o de obra na \u00e1rea tecnol\u00f3gica.<\/p>\n\n\n\n<p>O Observat\u00f3rio da Inova\u00e7\u00e3o tamb\u00e9m foi amplamente discutido neste encontro e pretende reunir dados sobre inova\u00e7\u00e3o e tecnologia a serem disponibilizados para os Associados.<\/p>\n","protected":false},"excerpt":{"rendered":"<p>Durante reuni\u00e3o realizada dia 11 de dezembro, o Conselho Empresarial de Inova\u00e7\u00e3o, Transforma\u00e7\u00e3o Digital e Tecnologia da ACRJ debateu o planejamento de a\u00e7\u00f5es para os&hellip;<\/p>\n","protected":false},"author":3,"featured_media":33474,"comment_status":"closed","ping_status":"closed","sticky":false,"template":"","format":"standard","meta":{"_exactmetrics_skip_tracking":false,"_exactmetrics_sitenote_active":false,"_exactmetrics_sitenote_note":"","_exactmetrics_sitenote_category":0,"footnotes":""},"categories":[56,10],"tags":[],"class_list":["post-33473","post","type-post","status-publish","format-standard","has-post-thumbnail","hentry","category-destaque_conselhos","category-noticias"],"_links":{"self":[{"href":"https:\/\/acrj.org.br\/index.php\/wp-json\/wp\/v2\/posts\/33473","targetHints":{"allow":["GET"]}}],"collection":[{"href":"https:\/\/acrj.org.br\/index.php\/wp-json\/wp\/v2\/posts"}],"about":[{"href":"https:\/\/acrj.org.br\/index.php\/wp-json\/wp\/v2\/types\/post"}],"author":[{"embeddable":true,"href":"https:\/\/acrj.org.br\/index.php\/wp-json\/wp\/v2\/users\/3"}],"replies":[{"embeddable":true,"href":"https:\/\/acrj.org.br\/index.php\/wp-json\/wp\/v2\/comments?post=33473"}],"version-history":[{"count":0,"href":"https:\/\/acrj.org.br\/index.php\/wp-json\/wp\/v2\/posts\/33473\/revisions"}],"wp:featuredmedia":[{"embeddable":true,"href":"https:\/\/acrj.org.br\/index.php\/wp-json\/wp\/v2\/media\/33474"}],"wp:attachment":[{"href":"https:\/\/acrj.org.br\/index.php\/wp-json\/wp\/v2\/media?parent=33473"}],"wp:term":[{"taxonomy":"category","embeddable":true,"href":"https:\/\/acrj.org.br\/index.php\/wp-json\/wp\/v2\/categories?post=33473"},{"taxonomy":"post_tag","embeddable":true,"href":"https:\/\/acrj.org.br\/index.php\/wp-json\/wp\/v2\/tags?post=33473"}],"curies":[{"name":"wp","href":"https:\/\/api.w.org\/{rel}","templated":true}]}}