{"id":33284,"date":"2024-12-02T15:02:12","date_gmt":"2024-12-02T18:02:12","guid":{"rendered":"https:\/\/acrj.org.br\/?p=33284"},"modified":"2024-12-13T16:07:41","modified_gmt":"2024-12-13T19:07:41","slug":"diretor-do-instituto-de-mobilidade-social-fala-sobre-a-plataforma-de-impacto-no-ce-de-educacao","status":"publish","type":"post","link":"https:\/\/acrj.org.br\/index.php\/2024\/12\/02\/diretor-do-instituto-de-mobilidade-social-fala-sobre-a-plataforma-de-impacto-no-ce-de-educacao\/","title":{"rendered":"Conselheiro do IMDS fala sobre a Plataforma de Impacto no CE de Educa\u00e7\u00e3o"},"content":{"rendered":"\t\t<div data-elementor-type=\"wp-post\" data-elementor-id=\"33284\" class=\"elementor elementor-33284\" data-elementor-post-type=\"post\">\n\t\t\t\t\t\t<section class=\"elementor-section elementor-top-section elementor-element elementor-element-3b3ac084 elementor-section-boxed elementor-section-height-default elementor-section-height-default\" data-id=\"3b3ac084\" data-element_type=\"section\" data-e-type=\"section\">\n\t\t\t\t\t\t<div class=\"elementor-container elementor-column-gap-default\">\n\t\t\t\t\t<div class=\"elementor-column elementor-col-100 elementor-top-column elementor-element elementor-element-d5cff48\" data-id=\"d5cff48\" data-element_type=\"column\" data-e-type=\"column\">\n\t\t\t<div class=\"elementor-widget-wrap elementor-element-populated\">\n\t\t\t\t\t\t<div class=\"elementor-element elementor-element-2018a69d elementor-widget elementor-widget-text-editor\" data-id=\"2018a69d\" data-element_type=\"widget\" data-e-type=\"widget\" data-widget_type=\"text-editor.default\">\n\t\t\t\t<div class=\"elementor-widget-container\">\n\t\t\t\t\t\t\t\t\t<p>O Conselho Empresarial de Educa\u00e7\u00e3o da ACRJ recebeu, dia 27\/11, o conselheiro do Instituto de Mobilidade e Desenvolvimento Social (IMDS), S\u00e9rgio Ferreira, deu uma vis\u00e3o geral sobre os principais estudos do Instituto para os conselheiros. Dentre eles, ressaltou o mais reconhecido publicamente, que \u00e9 o estudo sobre as primeiras gera\u00e7\u00f5es do Bolsa Fam\u00edlia e sua empregabilidade atual, e o mais recente divulgado, que investiga disparidades na expectativa de vida entre negros e brancos no Brasil.<\/p>\n<p><!-- \/wp:paragraph --><!-- wp:paragraph --><\/p>\n<p>O conselheiro falou ainda sobre a Plataforma de Impacto IMDS, uma colet\u00e2nea com os principais programas de impacto no Brasil, e abordou os dados sobre a Educa\u00e7\u00e3o no estado do Rio de Janeiro, especialmente sobre o Ensino B\u00e1sico e M\u00e9dio, comparativos com outros estados brasileiros e pa\u00edses, e a evolu\u00e7\u00e3o dos indicadores no tempo correlacionando com os governos do RJ.<\/p>\n<p><!-- \/wp:paragraph --><!-- wp:paragraph --><\/p>\n<p>Na segunda parte da reuni\u00e3o, por sugest\u00e3o do conselheiro Alex Pinheiro, a presidente do Conselho, Ma\u00edra Pimentel, e os conselheiros definiram que um dos focos do Conselho no pr\u00f3ximo ano ser\u00e1 se fortalecer, auxiliar a ACRJ nas quest\u00f5es relativas ao tema Educa\u00e7\u00e3o e ao posicionamento p\u00fablico da institui\u00e7\u00e3o sobre a situa\u00e7\u00e3o do Ensino no estado. \u201cO objetivo, a partir desse posicionamento, \u00e9 atrair outros interlocutores para o debate e a\u00e7\u00f5es\u201d, completou Ma\u00edra Pimentel.<\/p>\n<p><!-- \/wp:paragraph --><!-- wp:paragraph --><\/p>\n<p>De acordo com ela, \u201cnosso desafio como Conselho \u00e9 nos posicionarmos neste tema, uma vez que essa fragilidade na educa\u00e7\u00e3o b\u00e1sica compromete a qualifica\u00e7\u00e3o profissional e, consequentemente, gera o desafio de empresas que t\u00eam dificuldades em encontrar m\u00e3o de obra qualificada\u201d, finalizou.<\/p>\n<p><!-- \/wp:paragraph --><\/p>\t\t\t\t\t\t\t\t<\/div>\n\t\t\t\t<\/div>\n\t\t\t\t\t<\/div>\n\t\t<\/div>\n\t\t\t\t\t<\/div>\n\t\t<\/section>\n\t\t\t\t<\/div>\n\t\t","protected":false},"excerpt":{"rendered":"<p>O Conselho Empresarial de Educa\u00e7\u00e3o da ACRJ recebeu, dia 27\/11, o conselheiro do Instituto de Mobilidade e Desenvolvimento Social (IMDS), S\u00e9rgio Ferreira, deu uma vis\u00e3o&hellip;<\/p>\n","protected":false},"author":3,"featured_media":33285,"comment_status":"closed","ping_status":"closed","sticky":false,"template":"","format":"standard","meta":{"_exactmetrics_skip_tracking":false,"_exactmetrics_sitenote_active":false,"_exactmetrics_sitenote_note":"","_exactmetrics_sitenote_category":0,"footnotes":""},"categories":[56,10,1],"tags":[],"class_list":["post-33284","post","type-post","status-publish","format-standard","has-post-thumbnail","hentry","category-destaque_conselhos","category-noticias","category-sem-categoria"],"_links":{"self":[{"href":"https:\/\/acrj.org.br\/index.php\/wp-json\/wp\/v2\/posts\/33284","targetHints":{"allow":["GET"]}}],"collection":[{"href":"https:\/\/acrj.org.br\/index.php\/wp-json\/wp\/v2\/posts"}],"about":[{"href":"https:\/\/acrj.org.br\/index.php\/wp-json\/wp\/v2\/types\/post"}],"author":[{"embeddable":true,"href":"https:\/\/acrj.org.br\/index.php\/wp-json\/wp\/v2\/users\/3"}],"replies":[{"embeddable":true,"href":"https:\/\/acrj.org.br\/index.php\/wp-json\/wp\/v2\/comments?post=33284"}],"version-history":[{"count":0,"href":"https:\/\/acrj.org.br\/index.php\/wp-json\/wp\/v2\/posts\/33284\/revisions"}],"wp:featuredmedia":[{"embeddable":true,"href":"https:\/\/acrj.org.br\/index.php\/wp-json\/wp\/v2\/media\/33285"}],"wp:attachment":[{"href":"https:\/\/acrj.org.br\/index.php\/wp-json\/wp\/v2\/media?parent=33284"}],"wp:term":[{"taxonomy":"category","embeddable":true,"href":"https:\/\/acrj.org.br\/index.php\/wp-json\/wp\/v2\/categories?post=33284"},{"taxonomy":"post_tag","embeddable":true,"href":"https:\/\/acrj.org.br\/index.php\/wp-json\/wp\/v2\/tags?post=33284"}],"curies":[{"name":"wp","href":"https:\/\/api.w.org\/{rel}","templated":true}]}}