{"id":33275,"date":"2024-11-29T13:54:54","date_gmt":"2024-11-29T16:54:54","guid":{"rendered":"https:\/\/acrj.org.br\/?p=33275"},"modified":"2024-12-03T14:45:31","modified_gmt":"2024-12-03T17:45:31","slug":"33275","status":"publish","type":"post","link":"https:\/\/acrj.org.br\/index.php\/2024\/11\/29\/33275\/","title":{"rendered":"Especialistas debatem os desafios do uso da Intelig\u00eancia Artificial no setor cultural"},"content":{"rendered":"\n<p>O Semin\u00e1rio \u201cA Intelig\u00eancia Artificial na Cultura\u201d reuniu, na sede da ACRJ, dia 27\/11, v\u00e1rios especialistas para debater os impactos da IA nos setores culturais mais relevantes para a economia do Rio de Janeiro e o papel desta tecnologia na cultura contempor\u00e2nea, influenciando a forma como consumimos e produzimos arte, m\u00fasica, literatura e entretenimento. A iniciativa do encontro, coordenado pela conselheira Andr\u00e9a L\u00f6fgren, foi do Conselho Empresarial de Cultura.<\/p>\n\n\n\n<p>O encontro contou com a presen\u00e7a do presidente da ACRJ, Josier Vilar, e foi aberto pela vice-presidente Asp\u00e1sia Camargo e o presidente do Conselho de Cultura, S\u00e9rgio Costa e Silva. Assista os debates no <strong>Canal ACRJ Divulga <\/strong>no Youtube. <strong><a href=\"https:\/\/youtube.com\/playlist?list=PLmhlNA2jryPr4prPWPsdYXc-XI1yoMaQs&amp;si=k4oHjp7BBSpy7Nxk\">Acesse aqui<\/a><\/strong><\/p>\n\n\n\n<p>O encontro mostrou que a IA \u00e9 capaz de criar obras de arte originais, compor m\u00fasicas e at\u00e9 escrever hist\u00f3rias, proporcionando novas perspectivas criativas. No entanto ainda h\u00e1 uma grande discuss\u00e3o sobre quest\u00f5es \u00e9ticas, de autoria e originalidade do uso da IA, que foi amplamente debatida durante o evento. Por outro lado, a Intelig\u00eancia Artificial tem sido uma ferramenta poderosa na preserva\u00e7\u00e3o cultural, digitalizando e analisando obras antigas para preservar o patrim\u00f4nio hist\u00f3rico.<\/p>\n\n\n\n<p><strong><em>Confira os temas de cada painel<\/em><\/strong>:<\/p>\n\n\n\n<p><strong>I Painel<\/strong>: Um panorama da Intelig\u00eancia Artificial nos setores culturais com a presen\u00e7a de representantes dos governos municipial e estadual.<\/p>\n\n\n\n<p><strong>II Painel<\/strong>: Intelig\u00eancia Artificial na M\u00fasica: como a IA est\u00e1 revolucionando a ind\u00fastria da m\u00fasica, trazendo novas possibilidades criativas e ferramentas inovadoras para artistas e produtores.<\/p>\n\n\n\n<p><strong>III Painel<\/strong>: A Intelig\u00eancia Artificial nas Artes Visuais, Museus e Artes Pl\u00e1sticas: como a IA est\u00e1 transformando essa ind\u00fastria, trazendo novas possibilidades para a produ\u00e7\u00e3o e revolucionando a experi\u00eancia dos espectadores.<\/p>\n\n\n\n<p><strong>IV Painel<\/strong>: A Intelig\u00eancia Artificial no Mercado Editorial: como a IA est\u00e1 evoluindo o processo de cria\u00e7\u00e3o liter\u00e1ria, ajudando os autores na constru\u00e7\u00e3o de di\u00e1logos, enredos e at\u00e9 na elabora\u00e7\u00e3o de obras completas.<\/p>\n\n\n\n<p><strong>V Painel<\/strong>: A Intelig\u00eancia Artificial na Moda: foram debatidos o impacto da IA nas diversas etapas da ind\u00fastria, do design \u00e0 produ\u00e7\u00e3o e ao consumo e os desafios e as preocupa\u00e7\u00f5es que acompanham esses avan\u00e7os, como o risco de perda de empregos na cadeia produtiva e a uniformiza\u00e7\u00e3o da criatividade do setor.<\/p>\n\n\n\n<p><strong>VI Painel<\/strong>: A Intelig\u00eancia Artificial na Gastronomia: como a IA est\u00e1 transformando o universo gastron\u00f4mico, desde a cria\u00e7\u00e3o de receitas at\u00e9 a experi\u00eancia dos consumidores.<\/p>\n\n\n\n<p>Durante o evento, duas novas conselheiras foram diplomadas e passam a integrar o Conselho de Cultura da ACRJ. Rafaella Sousa da Silva, diretora do Cons\u00f3rcio Junino do Estado do RJ e da Liga Independente das Quadrilha Juninas \u2013 Liquerj, e Viviane de Assis, imortal da Academia Brasileira das Artes Carnavalescas e Passistas da Viradouro. \u201cS\u00e3o novas associadas da ACRJ ampliando a representatividade do Conselho de Cultura e assim abrangendo todos os segmentos culturais da cidade e do estado do Rio&#8221;, completou S\u00e9rgio.<\/p>\n\n\n\n<figure class=\"wp-block-image size-large is-resized\"><img decoding=\"async\" src=\"https:\/\/acrj.org.br\/wp-content\/uploads\/2024\/12\/aspasia-edited.jpg\" alt=\"\" class=\"wp-image-33311\" style=\"width:360px\"\/><figcaption class=\"wp-element-caption\">Asp\u00e1sia Camarogo e S\u00e9rgio Costa e Silva na abertura<\/figcaption><\/figure>\n\n\n\n<figure class=\"wp-block-image size-large is-resized\"><img fetchpriority=\"high\" decoding=\"async\" width=\"1024\" height=\"460\" src=\"https:\/\/acrj.org.br\/wp-content\/uploads\/2024\/11\/painel-jacyra-1024x460.jpg\" alt=\"\" class=\"wp-image-33277\" style=\"width:360px\" srcset=\"https:\/\/acrj.org.br\/wp-content\/uploads\/2024\/11\/painel-jacyra-1024x460.jpg 1024w, https:\/\/acrj.org.br\/wp-content\/uploads\/2024\/11\/painel-jacyra-300x135.jpg 300w, https:\/\/acrj.org.br\/wp-content\/uploads\/2024\/11\/painel-jacyra-768x345.jpg 768w, https:\/\/acrj.org.br\/wp-content\/uploads\/2024\/11\/painel-jacyra-1536x690.jpg 1536w, https:\/\/acrj.org.br\/wp-content\/uploads\/2024\/11\/painel-jacyra.jpg 2000w\" sizes=\"(max-width: 1024px) 100vw, 1024px\" \/><figcaption class=\"wp-element-caption\">Impactos da Intelig\u00eancia Artificial na cultura<\/figcaption><\/figure>\n\n\n\n<figure class=\"wp-block-image size-large is-resized\"><img decoding=\"async\" width=\"2560\" height=\"1440\" src=\"https:\/\/acrj.org.br\/wp-content\/uploads\/2024\/11\/foto3-edited-scaled.jpg\" alt=\"\" class=\"wp-image-33280\" style=\"width:360px\" srcset=\"https:\/\/acrj.org.br\/wp-content\/uploads\/2024\/11\/foto3-edited-scaled.jpg 2560w, https:\/\/acrj.org.br\/wp-content\/uploads\/2024\/11\/foto3-edited-300x169.jpg 300w, https:\/\/acrj.org.br\/wp-content\/uploads\/2024\/11\/foto3-edited-1024x576.jpg 1024w, https:\/\/acrj.org.br\/wp-content\/uploads\/2024\/11\/foto3-edited-768x432.jpg 768w, https:\/\/acrj.org.br\/wp-content\/uploads\/2024\/11\/foto3-edited-1536x864.jpg 1536w, https:\/\/acrj.org.br\/wp-content\/uploads\/2024\/11\/foto3-edited-2048x1152.jpg 2048w\" sizes=\"(max-width: 2560px) 100vw, 2560px\" \/><figcaption class=\"wp-element-caption\">A IA no Mercado Editorial<\/figcaption><\/figure>\n\n\n\n<figure class=\"wp-block-image size-large is-resized\"><img decoding=\"async\" width=\"1024\" height=\"612\" src=\"https:\/\/acrj.org.br\/wp-content\/uploads\/2024\/11\/foto7-1024x612.jpg\" alt=\"\" class=\"wp-image-33307\" style=\"width:360px\" srcset=\"https:\/\/acrj.org.br\/wp-content\/uploads\/2024\/11\/foto7-1024x612.jpg 1024w, https:\/\/acrj.org.br\/wp-content\/uploads\/2024\/11\/foto7-300x179.jpg 300w, https:\/\/acrj.org.br\/wp-content\/uploads\/2024\/11\/foto7-768x459.jpg 768w, https:\/\/acrj.org.br\/wp-content\/uploads\/2024\/11\/foto7-1536x918.jpg 1536w, https:\/\/acrj.org.br\/wp-content\/uploads\/2024\/11\/foto7-2048x1224.jpg 2048w\" sizes=\"(max-width: 1024px) 100vw, 1024px\" \/><figcaption class=\"wp-element-caption\">A IA nas Artes Visuais, Museus e Artes Pl\u00e1sticas<\/figcaption><\/figure>\n\n\n\n<figure class=\"wp-block-image size-large is-resized\"><img loading=\"lazy\" decoding=\"async\" width=\"1024\" height=\"529\" src=\"https:\/\/acrj.org.br\/wp-content\/uploads\/2024\/11\/foto2-1024x529.jpg\" alt=\"\" class=\"wp-image-33278\" style=\"width:360px\" srcset=\"https:\/\/acrj.org.br\/wp-content\/uploads\/2024\/11\/foto2-1024x529.jpg 1024w, https:\/\/acrj.org.br\/wp-content\/uploads\/2024\/11\/foto2-300x155.jpg 300w, https:\/\/acrj.org.br\/wp-content\/uploads\/2024\/11\/foto2-768x397.jpg 768w, https:\/\/acrj.org.br\/wp-content\/uploads\/2024\/11\/foto2-1536x794.jpg 1536w, https:\/\/acrj.org.br\/wp-content\/uploads\/2024\/11\/foto2-2048x1058.jpg 2048w\" sizes=\"(max-width: 1024px) 100vw, 1024px\" \/><figcaption class=\"wp-element-caption\">Panorama da IA nos setores culturais<\/figcaption><\/figure>\n\n\n\n<figure class=\"wp-block-image size-large is-resized\"><img loading=\"lazy\" decoding=\"async\" width=\"1024\" height=\"555\" src=\"https:\/\/acrj.org.br\/wp-content\/uploads\/2024\/11\/diplomacao-1024x555.jpg\" alt=\"\" class=\"wp-image-33276\" style=\"width:360px\" srcset=\"https:\/\/acrj.org.br\/wp-content\/uploads\/2024\/11\/diplomacao-1024x555.jpg 1024w, https:\/\/acrj.org.br\/wp-content\/uploads\/2024\/11\/diplomacao-300x163.jpg 300w, https:\/\/acrj.org.br\/wp-content\/uploads\/2024\/11\/diplomacao-768x417.jpg 768w, https:\/\/acrj.org.br\/wp-content\/uploads\/2024\/11\/diplomacao-1536x833.jpg 1536w, https:\/\/acrj.org.br\/wp-content\/uploads\/2024\/11\/diplomacao-2048x1111.jpg 2048w\" sizes=\"(max-width: 1024px) 100vw, 1024px\" \/><figcaption class=\"wp-element-caption\">Bruno Tet\u00e9, Josier Vilar, Rafaella Sousa, S\u00e9rgio <br>Costa e Silva e Viviane de Assis<\/figcaption><\/figure>\n\n\n\n<figure class=\"wp-block-image size-large is-resized\"><img loading=\"lazy\" decoding=\"async\" width=\"1024\" height=\"614\" src=\"https:\/\/acrj.org.br\/wp-content\/uploads\/2024\/11\/foto4-1024x614.jpg\" alt=\"\" class=\"wp-image-33281\" style=\"width:360px\" srcset=\"https:\/\/acrj.org.br\/wp-content\/uploads\/2024\/11\/foto4-1024x614.jpg 1024w, https:\/\/acrj.org.br\/wp-content\/uploads\/2024\/11\/foto4-300x180.jpg 300w, https:\/\/acrj.org.br\/wp-content\/uploads\/2024\/11\/foto4-768x461.jpg 768w, https:\/\/acrj.org.br\/wp-content\/uploads\/2024\/11\/foto4-1536x921.jpg 1536w, https:\/\/acrj.org.br\/wp-content\/uploads\/2024\/11\/foto4-2048x1228.jpg 2048w\" sizes=\"(max-width: 1024px) 100vw, 1024px\" \/><figcaption class=\"wp-element-caption\">A IA na Gastronomia<\/figcaption><\/figure>\n","protected":false},"excerpt":{"rendered":"<p>O Semin\u00e1rio \u201cA Intelig\u00eancia Artificial na Cultura\u201d reuniu, na sede da ACRJ, dia 27\/11, v\u00e1rios especialistas para debater os impactos da IA nos setores culturais&hellip;<\/p>\n","protected":false},"author":3,"featured_media":33314,"comment_status":"closed","ping_status":"closed","sticky":false,"template":"","format":"standard","meta":{"_exactmetrics_skip_tracking":false,"_exactmetrics_sitenote_active":false,"_exactmetrics_sitenote_note":"","_exactmetrics_sitenote_category":0,"footnotes":""},"categories":[56,10],"tags":[],"class_list":["post-33275","post","type-post","status-publish","format-standard","has-post-thumbnail","hentry","category-destaque_conselhos","category-noticias"],"_links":{"self":[{"href":"https:\/\/acrj.org.br\/index.php\/wp-json\/wp\/v2\/posts\/33275","targetHints":{"allow":["GET"]}}],"collection":[{"href":"https:\/\/acrj.org.br\/index.php\/wp-json\/wp\/v2\/posts"}],"about":[{"href":"https:\/\/acrj.org.br\/index.php\/wp-json\/wp\/v2\/types\/post"}],"author":[{"embeddable":true,"href":"https:\/\/acrj.org.br\/index.php\/wp-json\/wp\/v2\/users\/3"}],"replies":[{"embeddable":true,"href":"https:\/\/acrj.org.br\/index.php\/wp-json\/wp\/v2\/comments?post=33275"}],"version-history":[{"count":0,"href":"https:\/\/acrj.org.br\/index.php\/wp-json\/wp\/v2\/posts\/33275\/revisions"}],"wp:featuredmedia":[{"embeddable":true,"href":"https:\/\/acrj.org.br\/index.php\/wp-json\/wp\/v2\/media\/33314"}],"wp:attachment":[{"href":"https:\/\/acrj.org.br\/index.php\/wp-json\/wp\/v2\/media?parent=33275"}],"wp:term":[{"taxonomy":"category","embeddable":true,"href":"https:\/\/acrj.org.br\/index.php\/wp-json\/wp\/v2\/categories?post=33275"},{"taxonomy":"post_tag","embeddable":true,"href":"https:\/\/acrj.org.br\/index.php\/wp-json\/wp\/v2\/tags?post=33275"}],"curies":[{"name":"wp","href":"https:\/\/api.w.org\/{rel}","templated":true}]}}