{"id":33256,"date":"2024-11-27T16:58:45","date_gmt":"2024-11-27T19:58:45","guid":{"rendered":"https:\/\/acrj.org.br\/?p=33256"},"modified":"2024-11-27T16:59:40","modified_gmt":"2024-11-27T19:59:40","slug":"acrj-participa-da-1a-edicao-do-evento-conexoes-campos","status":"publish","type":"post","link":"https:\/\/acrj.org.br\/index.php\/2024\/11\/27\/acrj-participa-da-1a-edicao-do-evento-conexoes-campos\/","title":{"rendered":"ACRJ participa da 1\u00aa edi\u00e7\u00e3o do evento Conex\u00f5es Campos"},"content":{"rendered":"\n<p>O presidente do Conselho Empresarial de Micro e Pequenas Empresas da ACRJ, Th\u00f6r Silva Carvalho, representou o presidente da ACRJ, Josier Vilar, no evento 1\u00ba Conex\u00f5es Campos, realizado pela Associa\u00e7\u00e3o Comercial e Industrial de Campos (ACIC),\u00a0 dia 26 de novembro. O Conex\u00f5es Campos teve por objetivo debater solu\u00e7\u00f5es para desenvolver a Regi\u00e3o Norte Fluminense e expandir os neg\u00f3cios, principalmente dos micro e pequenos empres\u00e1rios.<\/p>\n\n\n\n<p>O encontro contou com palestras sobre temas como: Modais: Rodovias, Ferrovias, Portos e Aeroportos; Economia do Mar: Projetos e Investimentos futuros para a Regi\u00e3o Norte Fluminense; Diversifica\u00e7\u00e3o da Economia: O Fortalecimento da Ind\u00fastria, Agroneg\u00f3cio, Servi\u00e7os e Turismo; Inova\u00e7\u00e3o e Tecnologia e Associativismo, al\u00e9m da Rodada de Neg\u00f3cios organizada pela Secretaria de Desenvolvimento Econ\u00f4mico do Estado do Rio de Janeiro para as micro e pequenas empresas da regi\u00e3o.<\/p>\n\n\n\n<p>\u201cO encontro foi fundamental para estimular a uni\u00e3o entre as associa\u00e7\u00f5es comerciais do Estado do Rio de Janeiro, fortalecendo os la\u00e7os e promovendo a coopera\u00e7\u00e3o entre elas. A rodada de neg\u00f3cios foi especialmente significativa. Proporcionou oportunidades concretas para que esses empreendedores ampliassem sua rede de contatos, estabelecessem parcerias estrat\u00e9gicas e explorassem novos mercados. Eventos como o Conex\u00f5es s\u00e3o essenciais para impulsionar o desenvolvimento econ\u00f4mico local. Eles oferecem um ambiente prop\u00edcio para que micro e pequenos empreendedores individuais compartilhem experi\u00eancias, adquiram conhecimento e identifiquem oportunidades de crescimento\u201d, disse Th\u00f6r Carvalho.<\/p>\n\n\n\n<p><\/p>\n","protected":false},"excerpt":{"rendered":"<p>O presidente do Conselho Empresarial de Micro e Pequenas Empresas da ACRJ, Th\u00f6r Silva Carvalho, representou o presidente da ACRJ, Josier Vilar, no evento 1\u00ba&hellip;<\/p>\n","protected":false},"author":3,"featured_media":33258,"comment_status":"closed","ping_status":"closed","sticky":false,"template":"","format":"standard","meta":{"_exactmetrics_skip_tracking":false,"_exactmetrics_sitenote_active":false,"_exactmetrics_sitenote_note":"","_exactmetrics_sitenote_category":0,"footnotes":""},"categories":[6,10],"tags":[],"class_list":["post-33256","post","type-post","status-publish","format-standard","has-post-thumbnail","hentry","category-destaque_noticias","category-noticias"],"_links":{"self":[{"href":"https:\/\/acrj.org.br\/index.php\/wp-json\/wp\/v2\/posts\/33256","targetHints":{"allow":["GET"]}}],"collection":[{"href":"https:\/\/acrj.org.br\/index.php\/wp-json\/wp\/v2\/posts"}],"about":[{"href":"https:\/\/acrj.org.br\/index.php\/wp-json\/wp\/v2\/types\/post"}],"author":[{"embeddable":true,"href":"https:\/\/acrj.org.br\/index.php\/wp-json\/wp\/v2\/users\/3"}],"replies":[{"embeddable":true,"href":"https:\/\/acrj.org.br\/index.php\/wp-json\/wp\/v2\/comments?post=33256"}],"version-history":[{"count":0,"href":"https:\/\/acrj.org.br\/index.php\/wp-json\/wp\/v2\/posts\/33256\/revisions"}],"wp:featuredmedia":[{"embeddable":true,"href":"https:\/\/acrj.org.br\/index.php\/wp-json\/wp\/v2\/media\/33258"}],"wp:attachment":[{"href":"https:\/\/acrj.org.br\/index.php\/wp-json\/wp\/v2\/media?parent=33256"}],"wp:term":[{"taxonomy":"category","embeddable":true,"href":"https:\/\/acrj.org.br\/index.php\/wp-json\/wp\/v2\/categories?post=33256"},{"taxonomy":"post_tag","embeddable":true,"href":"https:\/\/acrj.org.br\/index.php\/wp-json\/wp\/v2\/tags?post=33256"}],"curies":[{"name":"wp","href":"https:\/\/api.w.org\/{rel}","templated":true}]}}