{"id":33213,"date":"2024-11-27T10:45:29","date_gmt":"2024-11-27T13:45:29","guid":{"rendered":"https:\/\/acrj.org.br\/?p=33213"},"modified":"2024-11-27T10:50:22","modified_gmt":"2024-11-27T13:50:22","slug":"augusto-archer","status":"publish","type":"post","link":"https:\/\/acrj.org.br\/index.php\/2024\/11\/27\/augusto-archer\/","title":{"rendered":"Augusto Archer"},"content":{"rendered":"\n<p>Augusto Archer, diretor do Instituto LEMOB (Laborat\u00f3rio de Eletromobilidade), especialista em negocios de inova\u00e7\u00e3o em Smartcity e Mobility na SONDA IT , e professor convidado da FGV em Cidades Inteligentes e Sustent\u00e1veis. Com mais de 25 anos de experi\u00eancia no mercado de tecnologia, com ampla expertise em projetos relacionados a IoT, Telecom, Utilities, Smartcity e Smartgrid e forma\u00e7\u00e3o em Administra\u00e7\u00e3o de Empresas e especializa\u00e7\u00f5es em Log\u00edstica Empresarial, An\u00e1lise de Sistemas e Mobilidade Urbana e Eletromobilidade.<\/p>\n","protected":false},"excerpt":{"rendered":"<p>Vice-Presidente do Conselho Empresarial de Inova\u00e7\u00e3o, Transforma\u00e7\u00e3o Digital e Tecnologia<\/p>\n","protected":false},"author":1,"featured_media":33212,"comment_status":"closed","ping_status":"closed","sticky":false,"template":"","format":"standard","meta":{"_exactmetrics_skip_tracking":false,"_exactmetrics_sitenote_active":false,"_exactmetrics_sitenote_note":"","_exactmetrics_sitenote_category":0,"footnotes":""},"categories":[36],"tags":[],"class_list":["post-33213","post","type-post","status-publish","format-standard","has-post-thumbnail","hentry","category-perfil"],"_links":{"self":[{"href":"https:\/\/acrj.org.br\/index.php\/wp-json\/wp\/v2\/posts\/33213","targetHints":{"allow":["GET"]}}],"collection":[{"href":"https:\/\/acrj.org.br\/index.php\/wp-json\/wp\/v2\/posts"}],"about":[{"href":"https:\/\/acrj.org.br\/index.php\/wp-json\/wp\/v2\/types\/post"}],"author":[{"embeddable":true,"href":"https:\/\/acrj.org.br\/index.php\/wp-json\/wp\/v2\/users\/1"}],"replies":[{"embeddable":true,"href":"https:\/\/acrj.org.br\/index.php\/wp-json\/wp\/v2\/comments?post=33213"}],"version-history":[{"count":0,"href":"https:\/\/acrj.org.br\/index.php\/wp-json\/wp\/v2\/posts\/33213\/revisions"}],"wp:featuredmedia":[{"embeddable":true,"href":"https:\/\/acrj.org.br\/index.php\/wp-json\/wp\/v2\/media\/33212"}],"wp:attachment":[{"href":"https:\/\/acrj.org.br\/index.php\/wp-json\/wp\/v2\/media?parent=33213"}],"wp:term":[{"taxonomy":"category","embeddable":true,"href":"https:\/\/acrj.org.br\/index.php\/wp-json\/wp\/v2\/categories?post=33213"},{"taxonomy":"post_tag","embeddable":true,"href":"https:\/\/acrj.org.br\/index.php\/wp-json\/wp\/v2\/tags?post=33213"}],"curies":[{"name":"wp","href":"https:\/\/api.w.org\/{rel}","templated":true}]}}