{"id":33186,"date":"2024-11-26T17:32:17","date_gmt":"2024-11-26T20:32:17","guid":{"rendered":"https:\/\/acrj.org.br\/?p=33186"},"modified":"2024-12-04T15:25:17","modified_gmt":"2024-12-04T18:25:17","slug":"sebrae-rio-realiza-o-evento-revolucao-prateada-com-apoio-da-acrj","status":"publish","type":"post","link":"https:\/\/acrj.org.br\/index.php\/2024\/11\/26\/sebrae-rio-realiza-o-evento-revolucao-prateada-com-apoio-da-acrj\/","title":{"rendered":"Sebrae Rio realiza o evento &#8220;Revolu\u00e7\u00e3o Prateada&#8221; com apoio da ACRJ"},"content":{"rendered":"\n<p>O Sebrae Rio, em parceria com a ACRJ, promoveu, dia 26 de novembro, o evento Revolu\u00e7\u00e3o Prateada, onde apresentou alguns cases de sucesso de empreendedorismo e certificou os 40 empreendedores que participaram do Programa Economia Prateada do Sebrae Rio, voltado para o p\u00fablico 50+. O evento contou ainda com palestras de especialistas que mostraram como o empreendedorismo s\u00eanior pode ser uma grande oportunidade de neg\u00f3cio. A iniciativa foi do Conselho Empresarial do Ecossistema da Longevidade da ACRJ.<\/p>\n\n\n\n<p>\u200bO encontro foi aberto pelo diretor de Desenvolvimento do Sebrae Rio, S\u00e9rgio Malta, e o presidente do Conselho da ACRJ, Carlos Molina, que deram as boas-vindas aos participantes.<\/p>\n\n\n\n<p>Em seguida tiveram in\u00edcio os pain\u00e9is. Abrindo os debates, Fernando Potsch, CEO Seniortech Ventures, especialista em Inova\u00e7\u00f5es para a Longevidade e Economia Prateada e membro do CE de Longevidade da ACRJ, mediou o debate sobre \u201cDesobede\u00e7a \u2013 O Seu Neg\u00f3cio Pede Mais!\u201d, que teve como participantes, Ab\u00edlio Fernandes, s\u00f3cio fundador do Restaurante Manoel e Joaquim, e Luana Clara, fundadora da LaPresse Comunica\u00e7\u00e3o, head da Condo.news, palestrante e professora.<\/p>\n\n\n\n<p>Em seguida, Mauro Wainstock, colunista da Exame, s\u00f3cio fundador da consultoria HUB 40+, diretor da Associa\u00e7\u00e3o Brasileira dos Profissionais de Recursos Humanos, al\u00e9m de mentor de executivos, conselheiro da ACRJ e consultor de empresas, foi o mediador do tema \u201cComo Pedir Ajuda \u2013 A Porta Est\u00e1 Escancarada!\u201d e contou com a participa\u00e7\u00e3o de L\u00edcia Mattesco, superintendente da Pessoa Idosa pela Secretaria de Estado Intergeracional de Juventude e Envelhecimento Saud\u00e1vel, e Presidente do Conselho Estadual de Defesa dos Direitos da Pessoa Idosa \u2013 Cedepi, e Elena Martinis, diretora Executiva da Incubadora de Neg\u00f3cios Inovadores &amp; Impacto Socioambiental.<\/p>\n\n\n\n<p>Encerrando o encontro, Juliana Lima, analista do Sebrae Rio, falou sobre o Programa Economia Prateada e apresentou dois empreendedores que participaram da iniciativa para representar os empreendedores certificados. S\u00e3o eles, Carli Storino, da empresa CS Conecta, e Jo\u00e3o Ansberto, da Mel Mania.<\/p>\n\n\n\n<p>O p\u00fablico 50+ representa hoje 28% da popula\u00e7\u00e3o brasileira, o que equivale a cerca de 56 milh\u00f5es de pessoas, segundo o Censo 2022. Este grupo movimenta R$ 2 trilh\u00f5es por ano e a tend\u00eancia \u00e9 de crescimento, de acordo com dados do Sebrae Rio.<\/p>\n\n\n\n<p>Ap\u00f3s o evento, os empreendedores e convidados participaram de um almo\u00e7o de confraterniza\u00e7\u00e3o.<\/p>\n\n\n\n<figure class=\"wp-block-image size-large is-resized\"><img fetchpriority=\"high\" decoding=\"async\" width=\"1024\" height=\"768\" src=\"https:\/\/acrj.org.br\/wp-content\/uploads\/2024\/11\/molina-e-sergio-malta-1024x768.jpeg\" alt=\"\" class=\"wp-image-33189\" style=\"width:360px\" srcset=\"https:\/\/acrj.org.br\/wp-content\/uploads\/2024\/11\/molina-e-sergio-malta-1024x768.jpeg 1024w, https:\/\/acrj.org.br\/wp-content\/uploads\/2024\/11\/molina-e-sergio-malta-300x225.jpeg 300w, https:\/\/acrj.org.br\/wp-content\/uploads\/2024\/11\/molina-e-sergio-malta-768x576.jpeg 768w, https:\/\/acrj.org.br\/wp-content\/uploads\/2024\/11\/molina-e-sergio-malta.jpeg 1280w\" sizes=\"(max-width: 1024px) 100vw, 1024px\" \/><figcaption class=\"wp-element-caption\">S\u00e9rgio Malta e Carlos Molina abriram o evento<\/figcaption><\/figure>\n\n\n\n<figure class=\"wp-block-image size-large is-resized\"><img decoding=\"async\" width=\"1024\" height=\"682\" src=\"https:\/\/acrj.org.br\/wp-content\/uploads\/2024\/11\/Molina-e-Walcyr-Borges--1024x682.jpg\" alt=\"\" class=\"wp-image-33192\" style=\"width:360px\" srcset=\"https:\/\/acrj.org.br\/wp-content\/uploads\/2024\/11\/Molina-e-Walcyr-Borges--1024x682.jpg 1024w, https:\/\/acrj.org.br\/wp-content\/uploads\/2024\/11\/Molina-e-Walcyr-Borges--300x200.jpg 300w, https:\/\/acrj.org.br\/wp-content\/uploads\/2024\/11\/Molina-e-Walcyr-Borges--768x512.jpg 768w, https:\/\/acrj.org.br\/wp-content\/uploads\/2024\/11\/Molina-e-Walcyr-Borges--1536x1024.jpg 1536w, https:\/\/acrj.org.br\/wp-content\/uploads\/2024\/11\/Molina-e-Walcyr-Borges--2048x1365.jpg 2048w\" sizes=\"(max-width: 1024px) 100vw, 1024px\" \/><figcaption class=\"wp-element-caption\">Carlos Molina, Walcyr Borges e Juliana Lima<\/figcaption><\/figure>\n\n\n\n<figure class=\"wp-block-image size-large is-resized\"><img decoding=\"async\" width=\"1024\" height=\"654\" src=\"https:\/\/acrj.org.br\/wp-content\/uploads\/2024\/11\/grupo-3-1024x654.jpg\" alt=\"\" class=\"wp-image-33187\" style=\"width:360px\" srcset=\"https:\/\/acrj.org.br\/wp-content\/uploads\/2024\/11\/grupo-3-1024x654.jpg 1024w, https:\/\/acrj.org.br\/wp-content\/uploads\/2024\/11\/grupo-3-300x192.jpg 300w, https:\/\/acrj.org.br\/wp-content\/uploads\/2024\/11\/grupo-3-768x491.jpg 768w, https:\/\/acrj.org.br\/wp-content\/uploads\/2024\/11\/grupo-3.jpg 1410w\" sizes=\"(max-width: 1024px) 100vw, 1024px\" \/><figcaption class=\"wp-element-caption\">Molina, Juliana, L\u00edcia, Mauro, Elena, Fernando, Luana, Walcyr e Ab\u00edlio<\/figcaption><\/figure>\n\n\n\n<figure class=\"wp-block-image size-large is-resized\"><img loading=\"lazy\" decoding=\"async\" width=\"1024\" height=\"768\" src=\"https:\/\/acrj.org.br\/wp-content\/uploads\/2024\/11\/Carli-e-Joao-1024x768.jpg\" alt=\"\" class=\"wp-image-33191\" style=\"width:360px\" srcset=\"https:\/\/acrj.org.br\/wp-content\/uploads\/2024\/11\/Carli-e-Joao-1024x768.jpg 1024w, https:\/\/acrj.org.br\/wp-content\/uploads\/2024\/11\/Carli-e-Joao-300x225.jpg 300w, https:\/\/acrj.org.br\/wp-content\/uploads\/2024\/11\/Carli-e-Joao-768x576.jpg 768w, https:\/\/acrj.org.br\/wp-content\/uploads\/2024\/11\/Carli-e-Joao.jpg 1074w\" sizes=\"(max-width: 1024px) 100vw, 1024px\" \/><figcaption class=\"wp-element-caption\">Juliana Lima, Carli Storino e Jo\u00e3o Ansberto<\/figcaption><\/figure>\n\n\n\n<figure class=\"wp-block-image size-medium is-resized\"><img loading=\"lazy\" decoding=\"async\" width=\"300\" height=\"188\" src=\"https:\/\/acrj.org.br\/wp-content\/uploads\/2024\/11\/1000024588-300x188.jpg\" alt=\"\" class=\"wp-image-33201\" style=\"width:360px\" srcset=\"https:\/\/acrj.org.br\/wp-content\/uploads\/2024\/11\/1000024588-300x188.jpg 300w, https:\/\/acrj.org.br\/wp-content\/uploads\/2024\/11\/1000024588-1024x641.jpg 1024w, https:\/\/acrj.org.br\/wp-content\/uploads\/2024\/11\/1000024588-768x480.jpg 768w, https:\/\/acrj.org.br\/wp-content\/uploads\/2024\/11\/1000024588-1536x961.jpg 1536w, https:\/\/acrj.org.br\/wp-content\/uploads\/2024\/11\/1000024588-2048x1281.jpg 2048w\" sizes=\"(max-width: 300px) 100vw, 300px\" \/><figcaption class=\"wp-element-caption\">Marta Arakaki, vice do Conselho Superior da ACRJ, fala de sua experi\u00eancia no Sebrae<\/figcaption><\/figure>\n","protected":false},"excerpt":{"rendered":"<p>O Sebrae Rio, em parceria com a ACRJ, promoveu, dia 26 de novembro, o evento Revolu\u00e7\u00e3o Prateada, onde apresentou alguns cases de sucesso de empreendedorismo&hellip;<\/p>\n","protected":false},"author":3,"featured_media":33190,"comment_status":"closed","ping_status":"closed","sticky":false,"template":"","format":"standard","meta":{"_exactmetrics_skip_tracking":false,"_exactmetrics_sitenote_active":false,"_exactmetrics_sitenote_note":"","_exactmetrics_sitenote_category":0,"footnotes":""},"categories":[56,10],"tags":[],"class_list":["post-33186","post","type-post","status-publish","format-standard","has-post-thumbnail","hentry","category-destaque_conselhos","category-noticias"],"_links":{"self":[{"href":"https:\/\/acrj.org.br\/index.php\/wp-json\/wp\/v2\/posts\/33186","targetHints":{"allow":["GET"]}}],"collection":[{"href":"https:\/\/acrj.org.br\/index.php\/wp-json\/wp\/v2\/posts"}],"about":[{"href":"https:\/\/acrj.org.br\/index.php\/wp-json\/wp\/v2\/types\/post"}],"author":[{"embeddable":true,"href":"https:\/\/acrj.org.br\/index.php\/wp-json\/wp\/v2\/users\/3"}],"replies":[{"embeddable":true,"href":"https:\/\/acrj.org.br\/index.php\/wp-json\/wp\/v2\/comments?post=33186"}],"version-history":[{"count":0,"href":"https:\/\/acrj.org.br\/index.php\/wp-json\/wp\/v2\/posts\/33186\/revisions"}],"wp:featuredmedia":[{"embeddable":true,"href":"https:\/\/acrj.org.br\/index.php\/wp-json\/wp\/v2\/media\/33190"}],"wp:attachment":[{"href":"https:\/\/acrj.org.br\/index.php\/wp-json\/wp\/v2\/media?parent=33186"}],"wp:term":[{"taxonomy":"category","embeddable":true,"href":"https:\/\/acrj.org.br\/index.php\/wp-json\/wp\/v2\/categories?post=33186"},{"taxonomy":"post_tag","embeddable":true,"href":"https:\/\/acrj.org.br\/index.php\/wp-json\/wp\/v2\/tags?post=33186"}],"curies":[{"name":"wp","href":"https:\/\/api.w.org\/{rel}","templated":true}]}}