{"id":33182,"date":"2024-11-20T17:41:07","date_gmt":"2024-11-20T20:41:07","guid":{"rendered":"https:\/\/acrj.org.br\/?p=33182"},"modified":"2024-11-26T17:07:20","modified_gmt":"2024-11-26T20:07:20","slug":"transforme-a-longevidade-em-negocio","status":"publish","type":"post","link":"https:\/\/acrj.org.br\/index.php\/2024\/11\/20\/transforme-a-longevidade-em-negocio\/","title":{"rendered":"Transforme a longevidade em neg\u00f3cio"},"content":{"rendered":"\n<p>O Sebrae Rio, em parceria com a ACRJ, promove, dia 26 de novembro, o evento Revolu\u00e7\u00e3o Prateada, que vai mostrar como o empreendedorismo s\u00eanior pode ser uma grande oportunidade de neg\u00f3cio.<\/p>\n\n\n\n<p>A iniciativa \u00e9 do Conselho Empresarial do Ecossistema da Longevidade da ACRJ.<\/p>\n\n\n\n<p>&#x1f193; O encontro \u00e9 gratuito, mediante inscri\u00e7\u00e3o pr\u00e9via.<\/p>\n\n\n\n<p>&#x1f517; Acesse aqui para se inscrever e conferir a programa\u00e7\u00e3o do evento: https:\/\/sites.rj.sebrae.com.br\/inscricao\/evento-revolucao-prateada<\/p>\n\n\n\n<p>SERVI\u00c7O<\/p>\n\n\n\n<p>&#x1f5d3; Data: 26\/11\/2024<br>&#x1f552; Hor\u00e1rio: de 9 \u00e0s 13 horas<br>&#x1f3e2; Local: Sede da Associa\u00e7\u00e3o Comercial do RJ &#8211; ACRJ &#8211; Rua Candel\u00e1ria, 9\/12\u00ba andar &#8211; Centro &#8211; RJ<\/p>\n","protected":false},"excerpt":{"rendered":"<p>O Sebrae Rio, em parceria com a ACRJ, promove, dia 26 de novembro, o evento Revolu\u00e7\u00e3o Prateada, que vai mostrar como o empreendedorismo s\u00eanior pode&hellip;<\/p>\n","protected":false},"author":3,"featured_media":33183,"comment_status":"closed","ping_status":"closed","sticky":false,"template":"","format":"standard","meta":{"_exactmetrics_skip_tracking":false,"_exactmetrics_sitenote_active":false,"_exactmetrics_sitenote_note":"","_exactmetrics_sitenote_category":0,"footnotes":""},"categories":[83],"tags":[],"class_list":["post-33182","post","type-post","status-publish","format-standard","has-post-thumbnail","hentry","category-eventos_acrj"],"_links":{"self":[{"href":"https:\/\/acrj.org.br\/index.php\/wp-json\/wp\/v2\/posts\/33182","targetHints":{"allow":["GET"]}}],"collection":[{"href":"https:\/\/acrj.org.br\/index.php\/wp-json\/wp\/v2\/posts"}],"about":[{"href":"https:\/\/acrj.org.br\/index.php\/wp-json\/wp\/v2\/types\/post"}],"author":[{"embeddable":true,"href":"https:\/\/acrj.org.br\/index.php\/wp-json\/wp\/v2\/users\/3"}],"replies":[{"embeddable":true,"href":"https:\/\/acrj.org.br\/index.php\/wp-json\/wp\/v2\/comments?post=33182"}],"version-history":[{"count":0,"href":"https:\/\/acrj.org.br\/index.php\/wp-json\/wp\/v2\/posts\/33182\/revisions"}],"wp:featuredmedia":[{"embeddable":true,"href":"https:\/\/acrj.org.br\/index.php\/wp-json\/wp\/v2\/media\/33183"}],"wp:attachment":[{"href":"https:\/\/acrj.org.br\/index.php\/wp-json\/wp\/v2\/media?parent=33182"}],"wp:term":[{"taxonomy":"category","embeddable":true,"href":"https:\/\/acrj.org.br\/index.php\/wp-json\/wp\/v2\/categories?post=33182"},{"taxonomy":"post_tag","embeddable":true,"href":"https:\/\/acrj.org.br\/index.php\/wp-json\/wp\/v2\/tags?post=33182"}],"curies":[{"name":"wp","href":"https:\/\/api.w.org\/{rel}","templated":true}]}}