{"id":33141,"date":"2024-11-22T17:29:39","date_gmt":"2024-11-22T20:29:39","guid":{"rendered":"https:\/\/acrj.org.br\/?p=33141"},"modified":"2024-11-25T11:05:38","modified_gmt":"2024-11-25T14:05:38","slug":"professor-da-puc-rio-diz-que-o-rio-pode-se-tornar-a-capital-da-transicao-energetica-em-palestra-na-acrj","status":"publish","type":"post","link":"https:\/\/acrj.org.br\/index.php\/2024\/11\/22\/professor-da-puc-rio-diz-que-o-rio-pode-se-tornar-a-capital-da-transicao-energetica-em-palestra-na-acrj\/","title":{"rendered":"Professor da PUC Rio diz que o Rio pode se tornar a capital da transi\u00e7\u00e3o energ\u00e9tica"},"content":{"rendered":"\n<p>O professor da PUC Rio, Edmar de Almeida, participou da reuni\u00e3o mensal do Conselho Empresarial de Energia e Transi\u00e7\u00e3o Energ\u00e9tica da ACRJ e destacou a import\u00e2ncia do Rio na \u00e1rea de energia, afirmando que a cidade pode se tornar a capital da transi\u00e7\u00e3o energ\u00e9tica. Ele fez a palestra \u201cTransi\u00e7\u00e3o Energ\u00e9tica nas Cidades\u201d abordando o papel das cidades na transi\u00e7\u00e3o energ\u00e9tica, mobilidade sustent\u00e1vel, gest\u00e3o de res\u00edduos urbanos e economia circular, entre outros temas.<\/p>\n\n\n\n<p>Edmar de Almeida destacou tamb\u00e9m a oportunidade de neg\u00f3cios e para o desenvolvimento local com a transi\u00e7\u00e3o energ\u00e9tica, baseados na inova\u00e7\u00e3o. Segundo ele, cidades inteligentes v\u00e3o se tornar mais atrativas para investimento em inova\u00e7\u00e3o por meio, por exemplo da cria\u00e7\u00e3o de startups energ\u00e9ticas.<\/p>\n\n\n\n<p>Em rela\u00e7\u00e3o \u00e0 cidade do Rio, o professor disse que al\u00e9m de capital da energia no Brasil, pode ter a ambi\u00e7\u00e3o de se tornar a capital da transi\u00e7\u00e3o energ\u00e9tica. Mas lembrou que existem alguns desafios a serem superados, como ser refer\u00eancia em pesquisas na \u00e1rea de transi\u00e7\u00e3o energ\u00e9tica e cidades, formular pol\u00edticas locais nesta \u00e1rea, focar em experimenta\u00e7\u00e3o e inova\u00e7\u00e3o, entre outros.<\/p>\n\n\n\n<p>A cidade, segundo ele, ainda possui uma baixa qualidade da energia fornecida aos bairros e comunidades e registra elevados \u00edndices de furto de energia, que acarretam custos elevados nos bairros que contam com um fornecimento adequado.<\/p>\n\n\n\n<p><strong><a href=\"https:\/\/acrj.org.br\/wp-content\/uploads\/2024\/11\/Transicao-energetica-e-as-cidades-2024-A-Comercial-RJ.pdf\">Confira aqui <\/a><\/strong>a apresenta\u00e7\u00e3o na \u00edntegra do professor. <\/p>\n\n\n\n<figure class=\"wp-block-image size-large is-resized\"><img fetchpriority=\"high\" decoding=\"async\" width=\"2362\" height=\"1574\" src=\"https:\/\/acrj.org.br\/wp-content\/uploads\/2024\/11\/gabriel-edited.jpg\" alt=\"\" class=\"wp-image-33144\" style=\"width:360px\" srcset=\"https:\/\/acrj.org.br\/wp-content\/uploads\/2024\/11\/gabriel-edited.jpg 2362w, https:\/\/acrj.org.br\/wp-content\/uploads\/2024\/11\/gabriel-edited-300x200.jpg 300w, https:\/\/acrj.org.br\/wp-content\/uploads\/2024\/11\/gabriel-edited-1024x682.jpg 1024w, https:\/\/acrj.org.br\/wp-content\/uploads\/2024\/11\/gabriel-edited-768x512.jpg 768w, https:\/\/acrj.org.br\/wp-content\/uploads\/2024\/11\/gabriel-edited-1536x1024.jpg 1536w, https:\/\/acrj.org.br\/wp-content\/uploads\/2024\/11\/gabriel-edited-2048x1365.jpg 2048w\" sizes=\"(max-width: 2362px) 100vw, 2362px\" \/><figcaption class=\"wp-element-caption\">Edmar de Almeida e Gabriel Kropsch, presidente do Conselho<\/figcaption><\/figure>\n\n\n\n<figure class=\"wp-block-image size-large is-resized\"><img decoding=\"async\" width=\"1024\" height=\"502\" src=\"https:\/\/acrj.org.br\/wp-content\/uploads\/2024\/11\/grupo-2-1024x502.jpg\" alt=\"\" class=\"wp-image-33145\" style=\"width:360px\" srcset=\"https:\/\/acrj.org.br\/wp-content\/uploads\/2024\/11\/grupo-2-1024x502.jpg 1024w, https:\/\/acrj.org.br\/wp-content\/uploads\/2024\/11\/grupo-2-300x147.jpg 300w, https:\/\/acrj.org.br\/wp-content\/uploads\/2024\/11\/grupo-2-768x377.jpg 768w, https:\/\/acrj.org.br\/wp-content\/uploads\/2024\/11\/grupo-2-1536x754.jpg 1536w, https:\/\/acrj.org.br\/wp-content\/uploads\/2024\/11\/grupo-2-2048x1005.jpg 2048w\" sizes=\"(max-width: 1024px) 100vw, 1024px\" \/><figcaption class=\"wp-element-caption\">Membros do Conselho e convidados<\/figcaption><\/figure>\n","protected":false},"excerpt":{"rendered":"<p>O professor da PUC Rio, Edmar de Almeida, participou da reuni\u00e3o mensal do Conselho Empresarial de Energia e Transi\u00e7\u00e3o Energ\u00e9tica da ACRJ e destacou a&hellip;<\/p>\n","protected":false},"author":3,"featured_media":33142,"comment_status":"closed","ping_status":"closed","sticky":false,"template":"","format":"standard","meta":{"_exactmetrics_skip_tracking":false,"_exactmetrics_sitenote_active":false,"_exactmetrics_sitenote_note":"","_exactmetrics_sitenote_category":0,"footnotes":""},"categories":[56,10],"tags":[],"class_list":["post-33141","post","type-post","status-publish","format-standard","has-post-thumbnail","hentry","category-destaque_conselhos","category-noticias"],"_links":{"self":[{"href":"https:\/\/acrj.org.br\/index.php\/wp-json\/wp\/v2\/posts\/33141","targetHints":{"allow":["GET"]}}],"collection":[{"href":"https:\/\/acrj.org.br\/index.php\/wp-json\/wp\/v2\/posts"}],"about":[{"href":"https:\/\/acrj.org.br\/index.php\/wp-json\/wp\/v2\/types\/post"}],"author":[{"embeddable":true,"href":"https:\/\/acrj.org.br\/index.php\/wp-json\/wp\/v2\/users\/3"}],"replies":[{"embeddable":true,"href":"https:\/\/acrj.org.br\/index.php\/wp-json\/wp\/v2\/comments?post=33141"}],"version-history":[{"count":0,"href":"https:\/\/acrj.org.br\/index.php\/wp-json\/wp\/v2\/posts\/33141\/revisions"}],"wp:featuredmedia":[{"embeddable":true,"href":"https:\/\/acrj.org.br\/index.php\/wp-json\/wp\/v2\/media\/33142"}],"wp:attachment":[{"href":"https:\/\/acrj.org.br\/index.php\/wp-json\/wp\/v2\/media?parent=33141"}],"wp:term":[{"taxonomy":"category","embeddable":true,"href":"https:\/\/acrj.org.br\/index.php\/wp-json\/wp\/v2\/categories?post=33141"},{"taxonomy":"post_tag","embeddable":true,"href":"https:\/\/acrj.org.br\/index.php\/wp-json\/wp\/v2\/tags?post=33141"}],"curies":[{"name":"wp","href":"https:\/\/api.w.org\/{rel}","templated":true}]}}