{"id":33044,"date":"2024-11-14T10:49:44","date_gmt":"2024-11-14T13:49:44","guid":{"rendered":"https:\/\/acrj.org.br\/?p=33044"},"modified":"2024-11-14T11:49:20","modified_gmt":"2024-11-14T14:49:20","slug":"rio-de-janeiro-capital-do-g20-e-hub-estrategico-do-comercio-exterior","status":"publish","type":"post","link":"https:\/\/acrj.org.br\/index.php\/2024\/11\/14\/rio-de-janeiro-capital-do-g20-e-hub-estrategico-do-comercio-exterior\/","title":{"rendered":"Rio de Janeiro, Capital do G20 e Hub Estrat\u00e9gico do Com\u00e9rcio Exterior"},"content":{"rendered":"\n<p>Por Michelle Fernandes, presidente do Conselho Empresarial de Rela\u00e7\u00f5es Internacionais e Com\u00e9rcio Exterior da ACRJ<\/p>\n\n\n\n<p>O Rio de Janeiro tem uma hist\u00f3ria intrinsecamente ligada ao com\u00e9rcio exterior brasileiro. Desde os tempos de Dom Jo\u00e3o VI, com a abertura dos portos \u00e0s na\u00e7\u00f5es amigas em 1808, o estado assumiu um papel estrat\u00e9gico nas trocas internacionais do pa\u00eds. Essa abertura marcou um per\u00edodo de prosperidade, transformando o Rio em uma verdadeira \u201ccapital do G20\u201d da \u00e9poca, onde circulavam produtos, pessoas e ideias de todas as partes do mundo. Esse movimento foi apenas o in\u00edcio da voca\u00e7\u00e3o carioca para o com\u00e9rcio exterior, estabelecendo as bases para um desenvolvimento econ\u00f4mico robusto e conectado com o cen\u00e1rio global.<\/p>\n\n\n\n<p>O Bar\u00e3o de Mau\u00e1, com uma vis\u00e3o ousada para a \u00e9poca, fomentou o desenvolvimento industrial e incentivou o empreendedorismo, construindo infraestrutura e lan\u00e7ando a primeira companhia de navega\u00e7\u00e3o a vapor do Brasil. Mau\u00e1 impulsionou o com\u00e9rcio exterior e mostrou a import\u00e2ncia de uma economia bem conectada. Seu legado ainda reverbera nas pol\u00edticas de incentivo e nas facilidades oferecidas aos empres\u00e1rios que operam no Rio, mostrando que empreender e inovar sempre estiveram no DNA carioca.<\/p>\n\n\n\n<p>Hoje, o Rio de Janeiro \u00e9 privilegiado com uma quantidade expressiva de portos organizados e com um complexo log\u00edstico estrat\u00e9gico. O Porto do A\u00e7u, por exemplo, \u00e9 um dos maiores complexos portu\u00e1rios do Brasil, destacando-se pela modernidade e efici\u00eancia. Ele atrai investimentos, gera empregos e agiliza o escoamento de produtos, tanto para exporta\u00e7\u00e3o quanto para importa\u00e7\u00e3o. Esse n\u00edvel de infraestrutura fortalece a competitividade da regi\u00e3o e favorece o crescimento das empresas que atuam no com\u00e9rcio exterior, contribuindo diretamente para a economia do estado.<\/p>\n\n\n\n<p>Al\u00e9m dos portos, o Aeroporto Internacional do Gale\u00e3o exerce um papel essencial na din\u00e2mica de importa\u00e7\u00e3o e exporta\u00e7\u00e3o. Com uma estrutura preparada para atender qualquer tipo de mercadoria, em tamanho e peso, oferece agilidade no atendimento e beneficia desde pequenas at\u00e9 grandes corpora\u00e7\u00f5es que se valem da efici\u00eancia log\u00edstica para reduzir custos e ganhar competitividade.<\/p>\n\n\n\n<p>Outro incentivo estrat\u00e9gico que vem ganhando destaque \u00e9 o Regime Especial RioComex, que visa diminuir a carga tribut\u00e1ria para importadores em opera\u00e7\u00f5es de com\u00e9rcio exterior. Esse regime especial torna o Rio de Janeiro ainda mais atraente para empresas que desejam importar mercadorias, reduzindo custos e simplificando o processo.<\/p>\n\n\n\n<p>No caso dos exportadores, foi lan\u00e7ada, no Complexo do Porto do A\u00e7u, a Zona de Processamento de Exporta\u00e7\u00e3o (ZPE), que oferece benef\u00edcios fiscais para empresas sustent\u00e1veis, garantindo um ambiente ainda mais favor\u00e1vel para a produ\u00e7\u00e3o e exporta\u00e7\u00e3o de bens.<\/p>\n\n\n\n<p>Por fim, n\u00e3o se pode ignorar a facilidade log\u00edstica do Porto do Rio de Janeiro, que, com servi\u00e7os eficazes nos terminais, localiza\u00e7\u00e3o estrat\u00e9gica e conex\u00f5es vantajosas, torna o transporte de mercadorias mais r\u00e1pido e eficiente. Essa proximidade com os grandes centros de consumo e com os pa\u00edses do Mercosul confere ao Rio um papel central na economia nacional e regional.<\/p>\n\n\n\n<p>Esses s\u00e3o exemplos de como o Rio segue inovando para refor\u00e7ar sua posi\u00e7\u00e3o no com\u00e9rcio internacional.<\/p>\n\n\n\n<p>O com\u00e9rcio exterior do Rio de Janeiro \u00e9, portanto, n\u00e3o s\u00f3 uma voca\u00e7\u00e3o hist\u00f3rica, mas um ativo essencial para o desenvolvimento do estado e para o fortalecimento do Brasil no cen\u00e1rio global.<\/p>\n\n\n\n<figure class=\"wp-block-image size-full is-resized\"><img fetchpriority=\"high\" decoding=\"async\" width=\"968\" height=\"968\" src=\"https:\/\/acrj.org.br\/wp-content\/uploads\/2023\/08\/Michelle-Fernandes.png\" alt=\"\" class=\"wp-image-18257\" style=\"width:300px\" srcset=\"https:\/\/acrj.org.br\/wp-content\/uploads\/2023\/08\/Michelle-Fernandes.png 968w, https:\/\/acrj.org.br\/wp-content\/uploads\/2023\/08\/Michelle-Fernandes-300x300.png 300w, https:\/\/acrj.org.br\/wp-content\/uploads\/2023\/08\/Michelle-Fernandes-100x100.png 100w, https:\/\/acrj.org.br\/wp-content\/uploads\/2023\/08\/Michelle-Fernandes-600x600.png 600w, https:\/\/acrj.org.br\/wp-content\/uploads\/2023\/08\/Michelle-Fernandes-150x150.png 150w, https:\/\/acrj.org.br\/wp-content\/uploads\/2023\/08\/Michelle-Fernandes-768x768.png 768w, https:\/\/acrj.org.br\/wp-content\/uploads\/2023\/08\/elementor\/thumbs\/Michelle-Fernandes-qb47mvkg70ua90tta4di1ba7zyol2pskjhup11dsn4.png 800w\" sizes=\"(max-width: 968px) 100vw, 968px\" \/><figcaption class=\"wp-element-caption\">Michelle Fernandes<\/figcaption><\/figure>\n","protected":false},"excerpt":{"rendered":"<p>Por Michelle Fernandes, presidente do Conselho Empresarial de Rela\u00e7\u00f5es Internacionais e Com\u00e9rcio Exterior da ACRJ.<\/p>\n","protected":false},"author":3,"featured_media":33049,"comment_status":"closed","ping_status":"closed","sticky":false,"template":"","format":"standard","meta":{"_exactmetrics_skip_tracking":false,"_exactmetrics_sitenote_active":false,"_exactmetrics_sitenote_note":"","_exactmetrics_sitenote_category":0,"footnotes":""},"categories":[12,82],"tags":[],"class_list":["post-33044","post","type-post","status-publish","format-standard","has-post-thumbnail","hentry","category-artigos","category-destaque_artigos"],"_links":{"self":[{"href":"https:\/\/acrj.org.br\/index.php\/wp-json\/wp\/v2\/posts\/33044","targetHints":{"allow":["GET"]}}],"collection":[{"href":"https:\/\/acrj.org.br\/index.php\/wp-json\/wp\/v2\/posts"}],"about":[{"href":"https:\/\/acrj.org.br\/index.php\/wp-json\/wp\/v2\/types\/post"}],"author":[{"embeddable":true,"href":"https:\/\/acrj.org.br\/index.php\/wp-json\/wp\/v2\/users\/3"}],"replies":[{"embeddable":true,"href":"https:\/\/acrj.org.br\/index.php\/wp-json\/wp\/v2\/comments?post=33044"}],"version-history":[{"count":0,"href":"https:\/\/acrj.org.br\/index.php\/wp-json\/wp\/v2\/posts\/33044\/revisions"}],"wp:featuredmedia":[{"embeddable":true,"href":"https:\/\/acrj.org.br\/index.php\/wp-json\/wp\/v2\/media\/33049"}],"wp:attachment":[{"href":"https:\/\/acrj.org.br\/index.php\/wp-json\/wp\/v2\/media?parent=33044"}],"wp:term":[{"taxonomy":"category","embeddable":true,"href":"https:\/\/acrj.org.br\/index.php\/wp-json\/wp\/v2\/categories?post=33044"},{"taxonomy":"post_tag","embeddable":true,"href":"https:\/\/acrj.org.br\/index.php\/wp-json\/wp\/v2\/tags?post=33044"}],"curies":[{"name":"wp","href":"https:\/\/api.w.org\/{rel}","templated":true}]}}