{"id":33026,"date":"2024-11-12T16:17:26","date_gmt":"2024-11-12T19:17:26","guid":{"rendered":"https:\/\/acrj.org.br\/?p=33026"},"modified":"2024-11-12T16:17:46","modified_gmt":"2024-11-12T19:17:46","slug":"ceo-da-americanas-fala-sobre-a-gestao-de-crise-da-empresa-em-reuniao-do-conselho-do-varejo","status":"publish","type":"post","link":"https:\/\/acrj.org.br\/index.php\/2024\/11\/12\/ceo-da-americanas-fala-sobre-a-gestao-de-crise-da-empresa-em-reuniao-do-conselho-do-varejo\/","title":{"rendered":"CEO da Americanas fala sobre a gest\u00e3o de crise da empresa em reuni\u00e3o do Conselho do Varejo"},"content":{"rendered":"\n<p>O CEO da Americanas, Leonardo Coelho, participou da \u00faltima reuni\u00e3o do Conselho Empresarial do Varejo da ACRJ, realizada dia 8 de novembro. Ele falou sobre a gest\u00e3o de crise que a empresa precisou administrar recentemente.<\/p>\n\n\n\n<p>Leonardo Coelho contou a ic\u00f4nica hist\u00f3ria da marca, fundada em 1929, e as principais a\u00e7\u00f5es de recupera\u00e7\u00e3o, desde o in\u00edcio da crise, em janeiro de 2023, at\u00e9 os dias atuais.<\/p>\n\n\n\n<p>Este ano, a empresa fortaleceu o digital da companhia, a partir da marca Americanas, para focar em uma opera\u00e7\u00e3o mais \u00e1gil, rent\u00e1vel e eficiente para oferecer uma experi\u00eancia de compra ainda mais completa para o cliente.<\/p>\n\n\n\n<figure class=\"wp-block-image size-large is-resized\"><img fetchpriority=\"high\" decoding=\"async\" width=\"1379\" height=\"1034\" src=\"https:\/\/acrj.org.br\/wp-content\/uploads\/2024\/11\/WhatsApp-Image-2024-11-08-at-12.46.20-edited.jpeg\" alt=\"\" class=\"wp-image-33029\" style=\"width:360px\" srcset=\"https:\/\/acrj.org.br\/wp-content\/uploads\/2024\/11\/WhatsApp-Image-2024-11-08-at-12.46.20-edited.jpeg 1379w, https:\/\/acrj.org.br\/wp-content\/uploads\/2024\/11\/WhatsApp-Image-2024-11-08-at-12.46.20-edited-300x225.jpeg 300w, https:\/\/acrj.org.br\/wp-content\/uploads\/2024\/11\/WhatsApp-Image-2024-11-08-at-12.46.20-edited-1024x768.jpeg 1024w, https:\/\/acrj.org.br\/wp-content\/uploads\/2024\/11\/WhatsApp-Image-2024-11-08-at-12.46.20-edited-768x576.jpeg 768w\" sizes=\"(max-width: 1379px) 100vw, 1379px\" \/><\/figure>\n","protected":false},"excerpt":{"rendered":"<p>O CEO da Americanas, Leonardo Coelho, participou da \u00faltima reuni\u00e3o do Conselho Empresarial do Varejo da ACRJ, realizada dia 8 de novembro. Ele falou sobre&hellip;<\/p>\n","protected":false},"author":3,"featured_media":33027,"comment_status":"closed","ping_status":"closed","sticky":false,"template":"","format":"standard","meta":{"_exactmetrics_skip_tracking":false,"_exactmetrics_sitenote_active":false,"_exactmetrics_sitenote_note":"","_exactmetrics_sitenote_category":0,"footnotes":""},"categories":[56],"tags":[],"class_list":["post-33026","post","type-post","status-publish","format-standard","has-post-thumbnail","hentry","category-destaque_conselhos"],"_links":{"self":[{"href":"https:\/\/acrj.org.br\/index.php\/wp-json\/wp\/v2\/posts\/33026","targetHints":{"allow":["GET"]}}],"collection":[{"href":"https:\/\/acrj.org.br\/index.php\/wp-json\/wp\/v2\/posts"}],"about":[{"href":"https:\/\/acrj.org.br\/index.php\/wp-json\/wp\/v2\/types\/post"}],"author":[{"embeddable":true,"href":"https:\/\/acrj.org.br\/index.php\/wp-json\/wp\/v2\/users\/3"}],"replies":[{"embeddable":true,"href":"https:\/\/acrj.org.br\/index.php\/wp-json\/wp\/v2\/comments?post=33026"}],"version-history":[{"count":0,"href":"https:\/\/acrj.org.br\/index.php\/wp-json\/wp\/v2\/posts\/33026\/revisions"}],"wp:featuredmedia":[{"embeddable":true,"href":"https:\/\/acrj.org.br\/index.php\/wp-json\/wp\/v2\/media\/33027"}],"wp:attachment":[{"href":"https:\/\/acrj.org.br\/index.php\/wp-json\/wp\/v2\/media?parent=33026"}],"wp:term":[{"taxonomy":"category","embeddable":true,"href":"https:\/\/acrj.org.br\/index.php\/wp-json\/wp\/v2\/categories?post=33026"},{"taxonomy":"post_tag","embeddable":true,"href":"https:\/\/acrj.org.br\/index.php\/wp-json\/wp\/v2\/tags?post=33026"}],"curies":[{"name":"wp","href":"https:\/\/api.w.org\/{rel}","templated":true}]}}