{"id":32921,"date":"2024-11-06T20:08:22","date_gmt":"2024-11-06T23:08:22","guid":{"rendered":"https:\/\/acrj.org.br\/?p=32921"},"modified":"2024-11-12T16:06:02","modified_gmt":"2024-11-12T19:06:02","slug":"presidente-da-acrj-participa-da-abertura-do-rio-health-forum-durante-a-fisweek","status":"publish","type":"post","link":"https:\/\/acrj.org.br\/index.php\/2024\/11\/06\/presidente-da-acrj-participa-da-abertura-do-rio-health-forum-durante-a-fisweek\/","title":{"rendered":"Presidente da ACRJ faz abertura do Rio Health Forum durante a FISWeek"},"content":{"rendered":"\n<p>O presidente da ACRJ, Josier Vilar, participou, nesta 4a feira (6\/11), da abertura do Rio Health Forum (RHF), um encontro in\u00e9dito de l\u00edderes, empresas, reguladores e setor p\u00fablico. O encontro teve como tema principal a &#8220;Coopera\u00e7\u00e3o Competitiva para um novo Complexo Econ\u00f4mico Industrial da Sa\u00fade&#8221; e tem o prop\u00f3sito de contribuir com parcerias estrat\u00e9gicas e coopera\u00e7\u00e3o competitiva no setor, buscando criar um novo futuro para a Sa\u00fade, garantindo acesso da popula\u00e7\u00e3o.<\/p>\n\n\n\n<p>Denizar Vianna, presidente do RHF e do Conselho Empresarial do Ecossistema da Sa\u00fade da ACRJ, abriu o encontro, que faz parte da FisWeek, o maior festival de inova\u00e7\u00e3o, empreendedorismo e tend\u00eancias da sa\u00fade da Am\u00e9rica Latina, promovido pela Iniciativa FIS.<\/p>\n\n\n\n<p>No \u00faltimo dia do evento foi realizado o F\u00f3rum &#8220;Judicializa\u00e7\u00e3o na Sa\u00fade: Um Grande Desafio da Sociedade Brasileira\u201d, promovido pela M\u00fatua dos Magistrados do Estado do Rio de Janeiro e\u00a0Escola da Magistratura do Estado do Rio de Janeiro\u00a0(Emerj), com apoio da ACRJ e da Iniciativa FIS. O encontro contou com a participa\u00e7\u00e3o de Magistrados, Reguladores, Parlamentares, Gestores e Profissionais de Sa\u00fade. A confer\u00eancia de abertura abordou o tema &#8220;Hist\u00f3ria, os desafios e dilemas da\u00a0sa\u00fade brasileira \u2013 Os avan\u00e7os que precisamos ter&#8221;, com a participa\u00e7\u00e3o do presidente Josier Vilar; do ministro do STJ, Marco Aur\u00e9lio BelizzeBellizze; do presidente da Associa\u00e7\u00e3o Brasileira de Planos de Sa\u00fade (Abramge) Gustavo Ribeiro; e do m\u00e9dico e autor Luiz Ant\u00f4nio Santini.\u00a0 <\/p>\n\n\n\n<p>A ACRJ foi uma das apoiadoras do evento e tamb\u00e9m participou com um estande na FisWeek. O evento foi encerrado na sexta-feira, 8\/11, na Expomag, na Cidade Nova.<\/p>\n\n\n\n<figure class=\"wp-block-image size-large is-resized\"><img fetchpriority=\"high\" decoding=\"async\" width=\"2459\" height=\"1842\" src=\"https:\/\/acrj.org.br\/wp-content\/uploads\/2024\/11\/1000013913-edited.jpg\" alt=\"\" class=\"wp-image-32928\" style=\"width:360px\" srcset=\"https:\/\/acrj.org.br\/wp-content\/uploads\/2024\/11\/1000013913-edited.jpg 2459w, https:\/\/acrj.org.br\/wp-content\/uploads\/2024\/11\/1000013913-edited-300x225.jpg 300w, https:\/\/acrj.org.br\/wp-content\/uploads\/2024\/11\/1000013913-edited-1024x767.jpg 1024w, https:\/\/acrj.org.br\/wp-content\/uploads\/2024\/11\/1000013913-edited-768x575.jpg 768w, https:\/\/acrj.org.br\/wp-content\/uploads\/2024\/11\/1000013913-edited-1536x1151.jpg 1536w, https:\/\/acrj.org.br\/wp-content\/uploads\/2024\/11\/1000013913-edited-2048x1534.jpg 2048w\" sizes=\"(max-width: 2459px) 100vw, 2459px\" \/><figcaption class=\"wp-element-caption\"><em>Denizar Vianna e Josier Vilar <\/em><\/figcaption><\/figure>\n\n\n\n<figure class=\"wp-block-image size-large is-resized\"><img decoding=\"async\" width=\"1024\" height=\"460\" src=\"https:\/\/acrj.org.br\/wp-content\/uploads\/2024\/11\/IMG-20241106-WA01251-1024x460.jpg\" alt=\"\" class=\"wp-image-32930\" style=\"width:360px\" srcset=\"https:\/\/acrj.org.br\/wp-content\/uploads\/2024\/11\/IMG-20241106-WA01251-1024x460.jpg 1024w, https:\/\/acrj.org.br\/wp-content\/uploads\/2024\/11\/IMG-20241106-WA01251-300x135.jpg 300w, https:\/\/acrj.org.br\/wp-content\/uploads\/2024\/11\/IMG-20241106-WA01251-768x345.jpg 768w, https:\/\/acrj.org.br\/wp-content\/uploads\/2024\/11\/IMG-20241106-WA01251-1536x690.jpg 1536w, https:\/\/acrj.org.br\/wp-content\/uploads\/2024\/11\/IMG-20241106-WA01251.jpg 1600w\" sizes=\"(max-width: 1024px) 100vw, 1024px\" \/><figcaption class=\"wp-element-caption\"><em>Abertura<\/em> <em>do  Rio Health Forum<\/em><\/figcaption><\/figure>\n\n\n\n<figure class=\"wp-block-image size-large is-resized\"><img decoding=\"async\" width=\"1024\" height=\"597\" src=\"https:\/\/acrj.org.br\/wp-content\/uploads\/2024\/11\/1000014340-1024x597.jpg\" alt=\"\" class=\"wp-image-32934\" style=\"width:360px\" srcset=\"https:\/\/acrj.org.br\/wp-content\/uploads\/2024\/11\/1000014340-1024x597.jpg 1024w, https:\/\/acrj.org.br\/wp-content\/uploads\/2024\/11\/1000014340-300x175.jpg 300w, https:\/\/acrj.org.br\/wp-content\/uploads\/2024\/11\/1000014340-768x448.jpg 768w, https:\/\/acrj.org.br\/wp-content\/uploads\/2024\/11\/1000014340.jpg 1519w\" sizes=\"(max-width: 1024px) 100vw, 1024px\" \/><figcaption class=\"wp-element-caption\"><em>Josier Vilar mediou o debate com o ministro da <\/em><br><em>AGU, Jorge Messias, sobre seguran\u00e7a jur\u00eddica na sa\u00fade<\/em><\/figcaption><\/figure>\n\n\n\n<figure class=\"wp-block-image size-large is-resized\"><img loading=\"lazy\" decoding=\"async\" width=\"1024\" height=\"485\" src=\"https:\/\/acrj.org.br\/wp-content\/uploads\/2024\/11\/site-1024x485.jpg\" alt=\"\" class=\"wp-image-32971\" style=\"width:360px\" srcset=\"https:\/\/acrj.org.br\/wp-content\/uploads\/2024\/11\/site-1024x485.jpg 1024w, https:\/\/acrj.org.br\/wp-content\/uploads\/2024\/11\/site-300x142.jpg 300w, https:\/\/acrj.org.br\/wp-content\/uploads\/2024\/11\/site-768x364.jpg 768w, https:\/\/acrj.org.br\/wp-content\/uploads\/2024\/11\/site-1536x728.jpg 1536w, https:\/\/acrj.org.br\/wp-content\/uploads\/2024\/11\/site.jpg 1898w\" sizes=\"(max-width: 1024px) 100vw, 1024px\" \/><figcaption class=\"wp-element-caption\"><em>Segundo dia do Rio Health Forum<\/em><\/figcaption><\/figure>\n\n\n\n<figure class=\"wp-block-image size-large is-resized\"><img loading=\"lazy\" decoding=\"async\" width=\"1024\" height=\"445\" src=\"https:\/\/acrj.org.br\/wp-content\/uploads\/2024\/11\/forum-1024x445.jpg\" alt=\"\" class=\"wp-image-32972\" style=\"width:360px\" srcset=\"https:\/\/acrj.org.br\/wp-content\/uploads\/2024\/11\/forum-1024x445.jpg 1024w, https:\/\/acrj.org.br\/wp-content\/uploads\/2024\/11\/forum-300x130.jpg 300w, https:\/\/acrj.org.br\/wp-content\/uploads\/2024\/11\/forum-768x334.jpg 768w, https:\/\/acrj.org.br\/wp-content\/uploads\/2024\/11\/forum-1536x668.jpg 1536w, https:\/\/acrj.org.br\/wp-content\/uploads\/2024\/11\/forum.jpg 1744w\" sizes=\"(max-width: 1024px) 100vw, 1024px\" \/><figcaption class=\"wp-element-caption\"><em>F\u00f3rum de Judicializa\u00e7\u00e3o na Sa\u00fade<\/em><\/figcaption><\/figure>\n\n\n\n<figure class=\"wp-block-image size-large is-resized\"><img loading=\"lazy\" decoding=\"async\" width=\"1024\" height=\"460\" src=\"https:\/\/acrj.org.br\/wp-content\/uploads\/2024\/11\/site2-1024x460.jpg\" alt=\"\" class=\"wp-image-32973\" style=\"width:360px\" srcset=\"https:\/\/acrj.org.br\/wp-content\/uploads\/2024\/11\/site2-1024x460.jpg 1024w, https:\/\/acrj.org.br\/wp-content\/uploads\/2024\/11\/site2-300x135.jpg 300w, https:\/\/acrj.org.br\/wp-content\/uploads\/2024\/11\/site2-768x345.jpg 768w, https:\/\/acrj.org.br\/wp-content\/uploads\/2024\/11\/site2-1536x690.jpg 1536w, https:\/\/acrj.org.br\/wp-content\/uploads\/2024\/11\/site2.jpg 2000w\" sizes=\"(max-width: 1024px) 100vw, 1024px\" \/><figcaption class=\"wp-element-caption\"><em>Confer\u00eancia de abertura do<\/em> <em>F\u00f3rum de Judicializa\u00e7\u00e3o<\/em><\/figcaption><\/figure>\n\n\n\n<figure class=\"wp-block-image size-large is-resized\"><img loading=\"lazy\" decoding=\"async\" width=\"1278\" height=\"719\" src=\"https:\/\/acrj.org.br\/wp-content\/uploads\/2024\/11\/IMG-20241106-WA0126-edited.jpg\" alt=\"\" class=\"wp-image-32933\" style=\"width:360px\" srcset=\"https:\/\/acrj.org.br\/wp-content\/uploads\/2024\/11\/IMG-20241106-WA0126-edited.jpg 1278w, https:\/\/acrj.org.br\/wp-content\/uploads\/2024\/11\/IMG-20241106-WA0126-edited-300x169.jpg 300w, https:\/\/acrj.org.br\/wp-content\/uploads\/2024\/11\/IMG-20241106-WA0126-edited-1024x576.jpg 1024w, https:\/\/acrj.org.br\/wp-content\/uploads\/2024\/11\/IMG-20241106-WA0126-edited-768x432.jpg 768w\" sizes=\"(max-width: 1278px) 100vw, 1278px\" \/><figcaption class=\"wp-element-caption\"><em>A ACRJ foi um dos expositores<\/em> da FisWeek2024<\/figcaption><\/figure>\n","protected":false},"excerpt":{"rendered":"<p>O presidente da ACRJ, Josier Vilar, participou, nesta 4a feira (6\/11), da abertura do Rio Health Forum (RHF), um encontro in\u00e9dito de l\u00edderes, empresas, reguladores&hellip;<\/p>\n","protected":false},"author":3,"featured_media":32922,"comment_status":"closed","ping_status":"closed","sticky":false,"template":"","format":"standard","meta":{"_exactmetrics_skip_tracking":false,"_exactmetrics_sitenote_active":false,"_exactmetrics_sitenote_note":"","_exactmetrics_sitenote_category":0,"footnotes":""},"categories":[6,10],"tags":[],"class_list":["post-32921","post","type-post","status-publish","format-standard","has-post-thumbnail","hentry","category-destaque_noticias","category-noticias"],"_links":{"self":[{"href":"https:\/\/acrj.org.br\/index.php\/wp-json\/wp\/v2\/posts\/32921","targetHints":{"allow":["GET"]}}],"collection":[{"href":"https:\/\/acrj.org.br\/index.php\/wp-json\/wp\/v2\/posts"}],"about":[{"href":"https:\/\/acrj.org.br\/index.php\/wp-json\/wp\/v2\/types\/post"}],"author":[{"embeddable":true,"href":"https:\/\/acrj.org.br\/index.php\/wp-json\/wp\/v2\/users\/3"}],"replies":[{"embeddable":true,"href":"https:\/\/acrj.org.br\/index.php\/wp-json\/wp\/v2\/comments?post=32921"}],"version-history":[{"count":0,"href":"https:\/\/acrj.org.br\/index.php\/wp-json\/wp\/v2\/posts\/32921\/revisions"}],"wp:featuredmedia":[{"embeddable":true,"href":"https:\/\/acrj.org.br\/index.php\/wp-json\/wp\/v2\/media\/32922"}],"wp:attachment":[{"href":"https:\/\/acrj.org.br\/index.php\/wp-json\/wp\/v2\/media?parent=32921"}],"wp:term":[{"taxonomy":"category","embeddable":true,"href":"https:\/\/acrj.org.br\/index.php\/wp-json\/wp\/v2\/categories?post=32921"},{"taxonomy":"post_tag","embeddable":true,"href":"https:\/\/acrj.org.br\/index.php\/wp-json\/wp\/v2\/tags?post=32921"}],"curies":[{"name":"wp","href":"https:\/\/api.w.org\/{rel}","templated":true}]}}