{"id":32895,"date":"2024-11-05T12:31:11","date_gmt":"2024-11-05T15:31:11","guid":{"rendered":"https:\/\/acrj.org.br\/?p=32895"},"modified":"2024-11-05T13:16:19","modified_gmt":"2024-11-05T16:16:19","slug":"acrj-recebe-a-visita-da-rainha-africana-diambi-kabatusuila","status":"publish","type":"post","link":"https:\/\/acrj.org.br\/index.php\/2024\/11\/05\/acrj-recebe-a-visita-da-rainha-africana-diambi-kabatusuila\/","title":{"rendered":"ACRJ recebe a visita da rainha africana Diambi Kabatusuila"},"content":{"rendered":"\n<p>A ACRJ recebeu, nesta 2\u00aa feira (4\/11), a rainha da regi\u00e3o central de Kasa\u00ef, na Rep\u00fablica Democr\u00e1tica do Congo, Diambi Kabatusuila. Ela foi recepcionada pelos presidentes da ACRJ, Josier Vilar; do Conselho Superior, Ruy Barreto Filho; e a presidente do Conselho Empresarial de Comunidades, Novos Neg\u00f3cios e Economia Solid\u00e1ria da ACRJ, C\u00e9lia Domingues, al\u00e9m de vice-presidentes, diretores e conselheiros da Casa de Mau\u00e1. Tamb\u00e9m participaram do encontro a presidente do Conselho Pan-Africano no Brasil, Priscilla Cadette, e o presidente da C\u00e2mara de Com\u00e9rcio Brasil-Angola, Nayt J\u00fanior.<\/p>\n\n\n\n<p>Em visita ao Rio de Janeiro para encontros nas \u00e1reas cultural e social, a rainha manifestou o desejo de conhecer o trabalho desenvolvido pela ACRJ, atrav\u00e9s de seus diversos Conselhos Empresariais. A visita foi organizada pelo Conselho de Comunidades, atrav\u00e9s da presidente C\u00e9lia Domingues e a conselheira Sylvia Costa.<\/p>\n\n\n\n<p>Ao dar as boas-vindas \u00e0 rainha Diambi, o presidente Josier Vilar destacou a import\u00e2ncia das rela\u00e7\u00f5es Brasil-\u00c1frica, mas ressaltou, especialmente, as quest\u00f5es de desigualdade econ\u00f4micas e sociais nos dois pa\u00edses.<\/p>\n\n\n\n<p>\u201cA palavra-chave, Sua Alteza, que eu utilizo na minha administra\u00e7\u00e3o \u00e9 acesso. O que n\u00f3s queremos, a partir da educa\u00e7\u00e3o, \u00e9 garantir o acesso de qualidade a todos que precisam dela. O que eu espero da ci\u00eancia, tecnologia e inova\u00e7\u00e3o \u00e9 acesso de forma equ\u00e2nime. O que eu preciso da cultura \u00e9 que todos tenham acesso \u00e0 cultura. A quest\u00e3o ambiental \u00e9 que todos tenham um saneamento adequado, \u00e1gua pot\u00e1vel, esgoto tratado, para toda a popula\u00e7\u00e3o. O nosso papel \u00e9 este, e eu preciso muito da ajuda de pessoas influentes, como Sua Alteza, porque n\u00f3s precisamos que o Brasil acorde para essa profunda desigualdade social que temos aqui\u201d, afirmou.<\/p>\n\n\n\n<p>A rainha disse que \u201co Brasil \u00e9 um pa\u00eds maravilhoso, rico, cheio de oportunidades. E podemos trabalhar juntos, Brasil com a \u00c1frica, por causa dessa hist\u00f3ria em comum que n\u00f3s dividimos. E isso ser\u00e1 um presente e um dom para o Brasil, por causa do Brasil africano. E n\u00f3s queremos essa parceria aqui no Brasil. Muitos povos passaram pela \u00c1frica, mas a maioria, infelizmente, n\u00e3o foi para l\u00e1 para ajudar. E continuam ainda com essa mentalidade extrativista, usurpadora. Esse tipo de economia \u00e9 insustent\u00e1vel. Nem aqui no Brasil, nem nos EUA, nem na Europa, nem na \u00c1sia e, obviamente, tamb\u00e9m na \u00c1frica. Ent\u00e3o, quem ser\u00e1 o parceiro que entender\u00e1 a import\u00e2ncia de ter uma rela\u00e7\u00e3o de equil\u00edbrio? Eu acredito que o Brasil \u00e9 o parceiro\u201d, garantiu.<\/p>\n\n\n\n<p>Josier Vilar sugeriu, ent\u00e3o, a assinatura de um Protocolo de Inten\u00e7\u00f5es para formalizar uma parceria conjunta em \u00e1reas a serem definidas, proposta prontamente aceita pela rainha Diambi.<\/p>\n\n\n\n<p>A rainha tamb\u00e9m conheceu um pouco do trabalho realizado pelos Conselhos de Comunidades, Novos Neg\u00f3cios e Economia Solid\u00e1ria; Cultura; Educa\u00e7\u00e3o; Inova\u00e7\u00e3o, Transforma\u00e7\u00e3o Digital e Tecnologia; Meio Ambiente e Sustentabilidade; e Varejo, apresentado pelos respectivos presidentes dos Conselhos, C\u00e9lia Domingues, S\u00e9rgio da Costa e Silva, Ma\u00edra Pimentel, J\u00falio Urdangarin, Paulo Piz\u00e3o e Juedir Teixeira.<\/p>\n\n\n\n<p>Na oportunidade, a rainha Diambi foi homenageada pelo presidente Josier Vilar com um certificado e a medalha bicenten\u00e1rio Visconde de Mau\u00e1, a maior honraria concedida pela Associa\u00e7\u00e3o Comercial. Ela tamb\u00e9m recebeu um livro sobre a ACRJ outro sobre o varejo e uma boneca artesanal.<\/p>\n\n\n\n<p>A rainha Diambi Kabatusuila foi coroada em 2016 como a governante do povo Bena Tshiyamba de Bakwa Indu, da regi\u00e3o central de Kasa\u00ef, que faz parte do antigo Imp\u00e9rio Luba. Ela det\u00e9m o t\u00edtulo de Diambi Mukalenga Mukaji Wa Nkashama (Rainha da Ordem do Leopardo).<\/p>\n\n\n\n<figure class=\"wp-block-image size-large is-resized\"><img fetchpriority=\"high\" decoding=\"async\" width=\"1024\" height=\"668\" src=\"https:\/\/acrj.org.br\/wp-content\/uploads\/2024\/11\/josier-medalha-1024x668.jpg\" alt=\"\" class=\"wp-image-32898\" style=\"width:360px\" srcset=\"https:\/\/acrj.org.br\/wp-content\/uploads\/2024\/11\/josier-medalha-1024x668.jpg 1024w, https:\/\/acrj.org.br\/wp-content\/uploads\/2024\/11\/josier-medalha-300x196.jpg 300w, https:\/\/acrj.org.br\/wp-content\/uploads\/2024\/11\/josier-medalha-768x501.jpg 768w, https:\/\/acrj.org.br\/wp-content\/uploads\/2024\/11\/josier-medalha.jpg 1299w\" sizes=\"(max-width: 1024px) 100vw, 1024px\" \/><figcaption class=\"wp-element-caption\">Josier Vilar homenageou a rainha com a Medalha de Mau\u00e1<\/figcaption><\/figure>\n\n\n\n<figure class=\"wp-block-image size-large is-resized\"><img decoding=\"async\" width=\"1894\" height=\"1421\" src=\"https:\/\/acrj.org.br\/wp-content\/uploads\/2024\/11\/assinando-o-livro-edited.jpg\" alt=\"\" class=\"wp-image-32913\" style=\"width:360px\" srcset=\"https:\/\/acrj.org.br\/wp-content\/uploads\/2024\/11\/assinando-o-livro-edited.jpg 1894w, https:\/\/acrj.org.br\/wp-content\/uploads\/2024\/11\/assinando-o-livro-edited-300x225.jpg 300w, https:\/\/acrj.org.br\/wp-content\/uploads\/2024\/11\/assinando-o-livro-edited-1024x768.jpg 1024w, https:\/\/acrj.org.br\/wp-content\/uploads\/2024\/11\/assinando-o-livro-edited-768x576.jpg 768w, https:\/\/acrj.org.br\/wp-content\/uploads\/2024\/11\/assinando-o-livro-edited-1536x1152.jpg 1536w\" sizes=\"(max-width: 1894px) 100vw, 1894px\" \/><figcaption class=\"wp-element-caption\">Assinando o livro de visitas da ACRJ<\/figcaption><\/figure>\n\n\n\n<figure class=\"wp-block-image size-large is-resized\"><img decoding=\"async\" width=\"1024\" height=\"757\" src=\"https:\/\/acrj.org.br\/wp-content\/uploads\/2024\/11\/celia_presente-1024x757.jpg\" alt=\"\" class=\"wp-image-32897\" style=\"width:360px\" srcset=\"https:\/\/acrj.org.br\/wp-content\/uploads\/2024\/11\/celia_presente-1024x757.jpg 1024w, https:\/\/acrj.org.br\/wp-content\/uploads\/2024\/11\/celia_presente-300x222.jpg 300w, https:\/\/acrj.org.br\/wp-content\/uploads\/2024\/11\/celia_presente-768x568.jpg 768w, https:\/\/acrj.org.br\/wp-content\/uploads\/2024\/11\/celia_presente-1536x1136.jpg 1536w, https:\/\/acrj.org.br\/wp-content\/uploads\/2024\/11\/celia_presente.jpg 1842w\" sizes=\"(max-width: 1024px) 100vw, 1024px\" \/><figcaption class=\"wp-element-caption\">C\u00e9lia Domingues presenteou a rainha com uma boneca<br>feita por artes\u00e3s<\/figcaption><\/figure>\n\n\n\n<figure class=\"wp-block-image size-large is-resized\"><img loading=\"lazy\" decoding=\"async\" width=\"1024\" height=\"680\" src=\"https:\/\/acrj.org.br\/wp-content\/uploads\/2024\/11\/juedir-1024x680.jpg\" alt=\"\" class=\"wp-image-32899\" style=\"width:360px\" srcset=\"https:\/\/acrj.org.br\/wp-content\/uploads\/2024\/11\/juedir-1024x680.jpg 1024w, https:\/\/acrj.org.br\/wp-content\/uploads\/2024\/11\/juedir-300x199.jpg 300w, https:\/\/acrj.org.br\/wp-content\/uploads\/2024\/11\/juedir-768x510.jpg 768w, https:\/\/acrj.org.br\/wp-content\/uploads\/2024\/11\/juedir.jpg 1223w\" sizes=\"(max-width: 1024px) 100vw, 1024px\" \/><figcaption class=\"wp-element-caption\">A rainha ganhou o livro sobre Varejo de Juedir Teixeira<\/figcaption><\/figure>\n\n\n\n<figure class=\"wp-block-image size-large is-resized\"><img loading=\"lazy\" decoding=\"async\" width=\"1024\" height=\"464\" src=\"https:\/\/acrj.org.br\/wp-content\/uploads\/2024\/11\/mesa-1024x464.jpg\" alt=\"\" class=\"wp-image-32900\" style=\"width:360px\" srcset=\"https:\/\/acrj.org.br\/wp-content\/uploads\/2024\/11\/mesa-1024x464.jpg 1024w, https:\/\/acrj.org.br\/wp-content\/uploads\/2024\/11\/mesa-300x136.jpg 300w, https:\/\/acrj.org.br\/wp-content\/uploads\/2024\/11\/mesa-768x348.jpg 768w, https:\/\/acrj.org.br\/wp-content\/uploads\/2024\/11\/mesa-1536x696.jpg 1536w, https:\/\/acrj.org.br\/wp-content\/uploads\/2024\/11\/mesa.jpg 1755w\" sizes=\"(max-width: 1024px) 100vw, 1024px\" \/><figcaption class=\"wp-element-caption\">Integrantes da ACRJ recepcionaram a rainha<\/figcaption><\/figure>\n\n\n\n<figure class=\"wp-block-image size-large is-resized\"><img loading=\"lazy\" decoding=\"async\" width=\"1024\" height=\"605\" src=\"https:\/\/acrj.org.br\/wp-content\/uploads\/2024\/11\/associacoes-1024x605.jpg\" alt=\"\" class=\"wp-image-32901\" style=\"width:360px\" srcset=\"https:\/\/acrj.org.br\/wp-content\/uploads\/2024\/11\/associacoes-1024x605.jpg 1024w, https:\/\/acrj.org.br\/wp-content\/uploads\/2024\/11\/associacoes-300x177.jpg 300w, https:\/\/acrj.org.br\/wp-content\/uploads\/2024\/11\/associacoes-768x454.jpg 768w, https:\/\/acrj.org.br\/wp-content\/uploads\/2024\/11\/associacoes.jpg 1522w\" sizes=\"(max-width: 1024px) 100vw, 1024px\" \/><figcaption class=\"wp-element-caption\">Nayt J\u00fanior e, a seu lado, Priscilla Cadette no encontro com a rainha<\/figcaption><\/figure>\n\n\n\n<figure class=\"wp-block-image size-large is-resized\"><img loading=\"lazy\" decoding=\"async\" width=\"1024\" height=\"741\" src=\"https:\/\/acrj.org.br\/wp-content\/uploads\/2024\/11\/ruy-e-josier-1024x741.jpg\" alt=\"\" class=\"wp-image-32905\" style=\"width:360px\" srcset=\"https:\/\/acrj.org.br\/wp-content\/uploads\/2024\/11\/ruy-e-josier-1024x741.jpg 1024w, https:\/\/acrj.org.br\/wp-content\/uploads\/2024\/11\/ruy-e-josier-300x217.jpg 300w, https:\/\/acrj.org.br\/wp-content\/uploads\/2024\/11\/ruy-e-josier-768x555.jpg 768w, https:\/\/acrj.org.br\/wp-content\/uploads\/2024\/11\/ruy-e-josier-1536x1111.jpg 1536w, https:\/\/acrj.org.br\/wp-content\/uploads\/2024\/11\/ruy-e-josier-2048x1481.jpg 2048w\" sizes=\"(max-width: 1024px) 100vw, 1024px\" \/><figcaption class=\"wp-element-caption\">Josier Vilar e Ruy Barreto Filho com a rainha<\/figcaption><\/figure>\n\n\n\n<figure class=\"wp-block-image size-full is-resized\"><img loading=\"lazy\" decoding=\"async\" width=\"881\" height=\"527\" src=\"https:\/\/acrj.org.br\/wp-content\/uploads\/2024\/11\/sylvia.jpg\" alt=\"\" class=\"wp-image-32907\" style=\"width:360px\" srcset=\"https:\/\/acrj.org.br\/wp-content\/uploads\/2024\/11\/sylvia.jpg 881w, https:\/\/acrj.org.br\/wp-content\/uploads\/2024\/11\/sylvia-300x179.jpg 300w, https:\/\/acrj.org.br\/wp-content\/uploads\/2024\/11\/sylvia-768x459.jpg 768w\" sizes=\"(max-width: 881px) 100vw, 881px\" \/><figcaption class=\"wp-element-caption\">C\u00e9lia Domingues e Sylvia Costa (dir.)<\/figcaption><\/figure>\n","protected":false},"excerpt":{"rendered":"<p>A ACRJ recebeu, nesta 2\u00aa feira (4\/11), a rainha da regi\u00e3o central de Kasa\u00ef, na Rep\u00fablica Democr\u00e1tica do Congo, Diambi Kabatusuila. Ela foi recepcionada pelos&hellip;<\/p>\n","protected":false},"author":3,"featured_media":32896,"comment_status":"closed","ping_status":"closed","sticky":false,"template":"","format":"standard","meta":{"_exactmetrics_skip_tracking":false,"_exactmetrics_sitenote_active":false,"_exactmetrics_sitenote_note":"","_exactmetrics_sitenote_category":0,"footnotes":""},"categories":[6,10,1],"tags":[],"class_list":["post-32895","post","type-post","status-publish","format-standard","has-post-thumbnail","hentry","category-destaque_noticias","category-noticias","category-sem-categoria"],"_links":{"self":[{"href":"https:\/\/acrj.org.br\/index.php\/wp-json\/wp\/v2\/posts\/32895","targetHints":{"allow":["GET"]}}],"collection":[{"href":"https:\/\/acrj.org.br\/index.php\/wp-json\/wp\/v2\/posts"}],"about":[{"href":"https:\/\/acrj.org.br\/index.php\/wp-json\/wp\/v2\/types\/post"}],"author":[{"embeddable":true,"href":"https:\/\/acrj.org.br\/index.php\/wp-json\/wp\/v2\/users\/3"}],"replies":[{"embeddable":true,"href":"https:\/\/acrj.org.br\/index.php\/wp-json\/wp\/v2\/comments?post=32895"}],"version-history":[{"count":0,"href":"https:\/\/acrj.org.br\/index.php\/wp-json\/wp\/v2\/posts\/32895\/revisions"}],"wp:featuredmedia":[{"embeddable":true,"href":"https:\/\/acrj.org.br\/index.php\/wp-json\/wp\/v2\/media\/32896"}],"wp:attachment":[{"href":"https:\/\/acrj.org.br\/index.php\/wp-json\/wp\/v2\/media?parent=32895"}],"wp:term":[{"taxonomy":"category","embeddable":true,"href":"https:\/\/acrj.org.br\/index.php\/wp-json\/wp\/v2\/categories?post=32895"},{"taxonomy":"post_tag","embeddable":true,"href":"https:\/\/acrj.org.br\/index.php\/wp-json\/wp\/v2\/tags?post=32895"}],"curies":[{"name":"wp","href":"https:\/\/api.w.org\/{rel}","templated":true}]}}