{"id":32843,"date":"2024-11-04T12:13:39","date_gmt":"2024-11-04T15:13:39","guid":{"rendered":"https:\/\/acrj.org.br\/?p=32843"},"modified":"2024-11-04T12:29:34","modified_gmt":"2024-11-04T15:29:34","slug":"acrj-presente-na-12a-edicao-do-green-rio-latin-america","status":"publish","type":"post","link":"https:\/\/acrj.org.br\/index.php\/2024\/11\/04\/acrj-presente-na-12a-edicao-do-green-rio-latin-america\/","title":{"rendered":"ACRJ presente na 12\u00aa edi\u00e7\u00e3o do Green Rio Latin America"},"content":{"rendered":"\n<p>A ACRJ participou, dia 1\u00ba de novembro, da 12\u00aa edi\u00e7\u00e3o do Green Rio Latin America, evento que fez parte da Iniciativa Rio Capital do G20. O Green Rio \u00e9 uma plataforma para neg\u00f3cios, inova\u00e7\u00e3o e pesquisa em bioeconomia e economia verde.<\/p>\n\n\n\n<p>A Casa de Mau\u00e1 foi representada pela diretora Asp\u00e1sia Camargo e pela presidente do Conselho de Rela\u00e7\u00f5es Internacionais e Com\u00e9rcio Exterior, Michelle Fernandes.<\/p>\n\n\n\n<p>Asp\u00e1sia Camargo participou da reuni\u00e3o sobre Carbono Azul no Rio de Janeiro e moderou o painel \u201cGuanabara Azul \u2013 As Muitas Ba\u00edas da Ba\u00eda de Guanabara\u201d, ao lado do secret\u00e1rio de Estado de Ambiente e Sustentabilidade do RJ, Bernardo Rossi; do subsecret\u00e1rio de Projetos Estrat\u00e9gicos e Pacto RJ da Secretaria de Estado da Casa Civil do Rio de Janeiro; Pablo Villarim; do diretor presidente da \u00c1guas do Rio, Anselmo Leal; da Head of the OECD Programme on The Blue Economy in Cities, Oriana Romano; e do diretor do Laborat\u00f3rio de Medi\u00e7\u00f5es Computacionais de Engenharia da UFRJ, Luiz Landau.<\/p>\n\n\n\n<p>A presidente do Conselho, Michelle Fernandes, integrou uma mesa de debates sobre exporta\u00e7\u00e3o, apresentando o trabalho da&nbsp;ACRJ e as iniciativas que visam fortalecer o com\u00e9rcio exterior e criar novas oportunidades para o desenvolvimento sustent\u00e1vel do Rio de Janeiro.<\/p>\n\n\n\n<p><\/p>\n","protected":false},"excerpt":{"rendered":"<p>A ACRJ participou, dia 1\u00ba de novembro, da 12\u00aa edi\u00e7\u00e3o do Green Rio Latin America, evento que fez parte da Iniciativa Rio Capital do G20.&hellip;<\/p>\n","protected":false},"author":3,"featured_media":32847,"comment_status":"closed","ping_status":"closed","sticky":false,"template":"","format":"standard","meta":{"_exactmetrics_skip_tracking":false,"_exactmetrics_sitenote_active":false,"_exactmetrics_sitenote_note":"","_exactmetrics_sitenote_category":0,"footnotes":""},"categories":[6,10],"tags":[],"class_list":["post-32843","post","type-post","status-publish","format-standard","has-post-thumbnail","hentry","category-destaque_noticias","category-noticias"],"_links":{"self":[{"href":"https:\/\/acrj.org.br\/index.php\/wp-json\/wp\/v2\/posts\/32843","targetHints":{"allow":["GET"]}}],"collection":[{"href":"https:\/\/acrj.org.br\/index.php\/wp-json\/wp\/v2\/posts"}],"about":[{"href":"https:\/\/acrj.org.br\/index.php\/wp-json\/wp\/v2\/types\/post"}],"author":[{"embeddable":true,"href":"https:\/\/acrj.org.br\/index.php\/wp-json\/wp\/v2\/users\/3"}],"replies":[{"embeddable":true,"href":"https:\/\/acrj.org.br\/index.php\/wp-json\/wp\/v2\/comments?post=32843"}],"version-history":[{"count":0,"href":"https:\/\/acrj.org.br\/index.php\/wp-json\/wp\/v2\/posts\/32843\/revisions"}],"wp:featuredmedia":[{"embeddable":true,"href":"https:\/\/acrj.org.br\/index.php\/wp-json\/wp\/v2\/media\/32847"}],"wp:attachment":[{"href":"https:\/\/acrj.org.br\/index.php\/wp-json\/wp\/v2\/media?parent=32843"}],"wp:term":[{"taxonomy":"category","embeddable":true,"href":"https:\/\/acrj.org.br\/index.php\/wp-json\/wp\/v2\/categories?post=32843"},{"taxonomy":"post_tag","embeddable":true,"href":"https:\/\/acrj.org.br\/index.php\/wp-json\/wp\/v2\/tags?post=32843"}],"curies":[{"name":"wp","href":"https:\/\/api.w.org\/{rel}","templated":true}]}}