{"id":32612,"date":"2024-10-29T11:51:22","date_gmt":"2024-10-29T14:51:22","guid":{"rendered":"https:\/\/acrj.org.br\/?p=32612"},"modified":"2024-11-12T15:43:20","modified_gmt":"2024-11-12T18:43:20","slug":"acrj-participa-da-fis-week-2004","status":"publish","type":"post","link":"https:\/\/acrj.org.br\/index.php\/2024\/10\/29\/acrj-participa-da-fis-week-2004\/","title":{"rendered":"ACRJ participa da FIS WEEK 2004"},"content":{"rendered":"\n<p>A ACRJ estar\u00e1 presente na #fisweek2024, de 6 a 8 de novembro, o maior encontro de Inova\u00e7\u00e3o, Empreendedorismo e Tend\u00eancias da Sa\u00fade da Am\u00e9rica Latina com estande e a participa\u00e7\u00e3o de Conselhos Empresariais da Casa de Mau\u00e1 no evento.<\/p>\n\n\n\n<p><strong>Confira<\/strong>:<\/p>\n\n\n\n<p><strong>O Conselho Empresarial do Ecossistema da Longevidade<\/strong> participar\u00e1 do debate \u201cLongevidade: desafios e oportunidades\u201d, no dia 8 de novembro, de 13h20 \u00e0s 14h. Participam a psic\u00f3loga Maria Thereza Maldonado, o presidente do Conselho da MAG Seguros, Nilton Molina, e o conselheiro Waldir Leop\u00e9rcio, da Board Academy.<\/p>\n\n\n\n<p><strong>O Conselho Empresarial do Ecossistema da Sa\u00fade<\/strong> participar\u00e1 de diversas atividades ao longo do evento. O presidente do Conselho, Denizar Vianna, preside o Rio Health Forum, que tem como tema global: \u201cCoopera\u00e7\u00e3o Competitiva para um Novo Complexo Econ\u00f4mico Industrial da Sa\u00fade\u201d.<\/p>\n\n\n\n<p>Ainda d\u00e1 tempo de participar. Ser\u00e3o mais de +450 palestrantes, +250 empresas e +120 Startups.<\/p>\n\n\n\n<p><strong>Confira a programa\u00e7\u00e3o<\/strong>: https:\/\/fis.org.br\/fisweek<\/p>\n\n\n\n<p>&#x1f193; <strong>Associados da ACRJ<\/strong> podem se inscrever gratuitamente. <strong><a href=\"https:\/\/fisers.com.br\/invite\/acrjb7f1f1\">Inscri\u00e7\u00f5es aqui<\/a><\/strong><\/p>\n\n\n\n<p><strong>SERVI\u00c7O<\/strong><\/p>\n\n\n\n<p>&#x1f5d3; Data: 06 a 08 de novembro<\/p>\n\n\n\n<p>&#x1f552; Hor\u00e1rio: a partir das 10 horas<\/p>\n\n\n\n<p>&#x1f3e2; Local: ExpoMag | R. Beatriz Larragoiti Lucas, s\/n &#8211; Cidade Nova, Rio de Janeiro &#8211; RJ &#8211; <strong>Estande C02<\/strong><\/p>\n","protected":false},"excerpt":{"rendered":"<p>A ACRJ estar\u00e1 presente na #fisweek2024, de 6 a 8 de novembro, o maior encontro de Inova\u00e7\u00e3o, Empreendedorismo e Tend\u00eancias da Sa\u00fade da Am\u00e9rica Latina&hellip;<\/p>\n","protected":false},"author":3,"featured_media":32613,"comment_status":"closed","ping_status":"closed","sticky":false,"template":"","format":"standard","meta":{"_exactmetrics_skip_tracking":false,"_exactmetrics_sitenote_active":false,"_exactmetrics_sitenote_note":"","_exactmetrics_sitenote_category":0,"footnotes":""},"categories":[55,83,10],"tags":[],"class_list":["post-32612","post","type-post","status-publish","format-standard","has-post-thumbnail","hentry","category-destaque_eventos","category-eventos_acrj","category-noticias"],"_links":{"self":[{"href":"https:\/\/acrj.org.br\/index.php\/wp-json\/wp\/v2\/posts\/32612","targetHints":{"allow":["GET"]}}],"collection":[{"href":"https:\/\/acrj.org.br\/index.php\/wp-json\/wp\/v2\/posts"}],"about":[{"href":"https:\/\/acrj.org.br\/index.php\/wp-json\/wp\/v2\/types\/post"}],"author":[{"embeddable":true,"href":"https:\/\/acrj.org.br\/index.php\/wp-json\/wp\/v2\/users\/3"}],"replies":[{"embeddable":true,"href":"https:\/\/acrj.org.br\/index.php\/wp-json\/wp\/v2\/comments?post=32612"}],"version-history":[{"count":0,"href":"https:\/\/acrj.org.br\/index.php\/wp-json\/wp\/v2\/posts\/32612\/revisions"}],"wp:featuredmedia":[{"embeddable":true,"href":"https:\/\/acrj.org.br\/index.php\/wp-json\/wp\/v2\/media\/32613"}],"wp:attachment":[{"href":"https:\/\/acrj.org.br\/index.php\/wp-json\/wp\/v2\/media?parent=32612"}],"wp:term":[{"taxonomy":"category","embeddable":true,"href":"https:\/\/acrj.org.br\/index.php\/wp-json\/wp\/v2\/categories?post=32612"},{"taxonomy":"post_tag","embeddable":true,"href":"https:\/\/acrj.org.br\/index.php\/wp-json\/wp\/v2\/tags?post=32612"}],"curies":[{"name":"wp","href":"https:\/\/api.w.org\/{rel}","templated":true}]}}