{"id":32449,"date":"2024-10-23T12:32:26","date_gmt":"2024-10-23T15:32:26","guid":{"rendered":"https:\/\/acrj.org.br\/?p=32449"},"modified":"2024-10-23T12:54:10","modified_gmt":"2024-10-23T15:54:10","slug":"presidente-josier-vilar-participa-de-podcast-da-casa-firjan","status":"publish","type":"post","link":"https:\/\/acrj.org.br\/index.php\/2024\/10\/23\/presidente-josier-vilar-participa-de-podcast-da-casa-firjan\/","title":{"rendered":"Presidente Josier Vilar participa de Podcast da Casa Firjan"},"content":{"rendered":"\n<p>O presidente da ACRJ, <a href=\"https:\/\/www.linkedin.com\/in\/ACoAABlQ6qkBKz0oU_KJ_E-mTGPWg16OVYxaFyA\"><\/a><a href=\"https:\/\/www.linkedin.com\/in\/josiervilar\/\">Josier Vilar<\/a>, foi o convidado do Podcast <a href=\"https:\/\/www.linkedin.com\/feed\/hashtag\/?keywords=pensario&amp;highlightedUpdateUrns=urn%3Ali%3Aactivity%3A7254876571428151297\">PensaRio<\/a>, produzido pela Casa <a href=\"https:\/\/www.linkedin.com\/company\/firjan\/\">Firjan<\/a>, com a participa\u00e7\u00e3o de Jos\u00e9 Luiz Alqueres.<br><br>&#x1f399;&#xfe0f;Neste epis\u00f3dio, eles conversaram sobre como a\u00e7\u00f5es empresariais podem moldar o futuro de uma cidade. Falaram das iniciativas empresariais que acontecem no Rio de Janeiro, que atuam para melhorar desde as cal\u00e7adas do Centro da cidade at\u00e9 desenvolver um modelo de vida urbana com mais seguran\u00e7a, entretenimento e bem-estar.<br><br>Mas como essas iniciativas colaborativas podem ganhar mais for\u00e7a?\u00a0E qual o potencial delas para tornar o Rio uma cidade mais criativa, inovadora e atrativa para se investir?<br><br>&#x1f3a7; Ou\u00e7a no Spotify: <a href=\"https:\/\/bit.ly\/3BRBFs0\">https:\/\/bit.ly\/3BRBFs0<\/a><\/p>\n\n\n\n<figure class=\"wp-block-image size-large is-resized\"><img fetchpriority=\"high\" decoding=\"async\" width=\"1024\" height=\"597\" src=\"https:\/\/acrj.org.br\/wp-content\/uploads\/2024\/10\/home-1024x597.jpeg\" alt=\"\" class=\"wp-image-32450\" style=\"width:360px\" srcset=\"https:\/\/acrj.org.br\/wp-content\/uploads\/2024\/10\/home-1024x597.jpeg 1024w, https:\/\/acrj.org.br\/wp-content\/uploads\/2024\/10\/home-300x175.jpeg 300w, https:\/\/acrj.org.br\/wp-content\/uploads\/2024\/10\/home-768x448.jpeg 768w, https:\/\/acrj.org.br\/wp-content\/uploads\/2024\/10\/home-1536x896.jpeg 1536w, https:\/\/acrj.org.br\/wp-content\/uploads\/2024\/10\/home.jpeg 1600w\" sizes=\"(max-width: 1024px) 100vw, 1024px\" \/><\/figure>\n","protected":false},"excerpt":{"rendered":"<p>O presidente da ACRJ, Josier Vilar, foi o convidado do Podcast PensaRio, produzido pela Casa Firjan, com a participa\u00e7\u00e3o de Jos\u00e9 Luiz Alqueres.<\/p>\n","protected":false},"author":3,"featured_media":32455,"comment_status":"closed","ping_status":"closed","sticky":false,"template":"","format":"standard","meta":{"_exactmetrics_skip_tracking":false,"_exactmetrics_sitenote_active":false,"_exactmetrics_sitenote_note":"","_exactmetrics_sitenote_category":0,"footnotes":""},"categories":[6,10],"tags":[],"class_list":["post-32449","post","type-post","status-publish","format-standard","has-post-thumbnail","hentry","category-destaque_noticias","category-noticias"],"_links":{"self":[{"href":"https:\/\/acrj.org.br\/index.php\/wp-json\/wp\/v2\/posts\/32449","targetHints":{"allow":["GET"]}}],"collection":[{"href":"https:\/\/acrj.org.br\/index.php\/wp-json\/wp\/v2\/posts"}],"about":[{"href":"https:\/\/acrj.org.br\/index.php\/wp-json\/wp\/v2\/types\/post"}],"author":[{"embeddable":true,"href":"https:\/\/acrj.org.br\/index.php\/wp-json\/wp\/v2\/users\/3"}],"replies":[{"embeddable":true,"href":"https:\/\/acrj.org.br\/index.php\/wp-json\/wp\/v2\/comments?post=32449"}],"version-history":[{"count":0,"href":"https:\/\/acrj.org.br\/index.php\/wp-json\/wp\/v2\/posts\/32449\/revisions"}],"wp:featuredmedia":[{"embeddable":true,"href":"https:\/\/acrj.org.br\/index.php\/wp-json\/wp\/v2\/media\/32455"}],"wp:attachment":[{"href":"https:\/\/acrj.org.br\/index.php\/wp-json\/wp\/v2\/media?parent=32449"}],"wp:term":[{"taxonomy":"category","embeddable":true,"href":"https:\/\/acrj.org.br\/index.php\/wp-json\/wp\/v2\/categories?post=32449"},{"taxonomy":"post_tag","embeddable":true,"href":"https:\/\/acrj.org.br\/index.php\/wp-json\/wp\/v2\/tags?post=32449"}],"curies":[{"name":"wp","href":"https:\/\/api.w.org\/{rel}","templated":true}]}}