{"id":32362,"date":"2024-10-18T11:18:01","date_gmt":"2024-10-18T14:18:01","guid":{"rendered":"https:\/\/acrj.org.br\/?p=32362"},"modified":"2024-10-18T21:29:48","modified_gmt":"2024-10-19T00:29:48","slug":"18-de-outubro-dia-do-medico","status":"publish","type":"post","link":"https:\/\/acrj.org.br\/index.php\/2024\/10\/18\/18-de-outubro-dia-do-medico\/","title":{"rendered":"Homenagem pelo dia do M\u00e9dico"},"content":{"rendered":"\n<p>\u201cComo m\u00e9dico, presidente da Associa\u00e7\u00e3o Comercial do Rio de Janeiro e fundador da Iniciativa FIS parabenizo todos os m\u00e9dicos do pa\u00eds que, diariamente, se dedicam a seus pacientes e a seus empreendimentos com a devida corre\u00e7\u00e3o, respeito, empatia e profundo esp\u00edrito cidad\u00e3o.<\/p>\n\n\n\n<p>Na Iniciativa FIS, uma organiza\u00e7\u00e3o sem fim lucrativo voltada para a integra\u00e7\u00e3o do ecossistema da sa\u00fade brasileira, que conta com o apoio da ACRJ, fomentamos a\u00e7\u00f5es que permitem garantir o acesso de forma equ\u00e2nime a servi\u00e7os de sa\u00fade com qualidade para toda a popula\u00e7\u00e3o brasileira.<\/p>\n\n\n\n<p>Que o dia de hoje, 18 de outubro, dia de S\u00e3o Lucas, padroeiro dos m\u00e9dicos, seja sempre lembrado como um dia de gratid\u00e3o por aqueles que se dedicam a uma atividade profissional, que honram o mandamento hipocr\u00e1tico e que, muitas vezes, colocam suas vidas em risco para proteger a de seus pacientes.<\/p>\n\n\n\n<p>Que S\u00e3o Lucas proteja, durante os restantes 364 dias do ano, todos os m\u00e9dicos e empreendedores da sa\u00fade brasileira.\u201d<\/p>\n\n\n\n<p>Josier Vilar<\/p>\n","protected":false},"excerpt":{"rendered":"<p>\u201cComo m\u00e9dico, presidente da Associa\u00e7\u00e3o Comercial do Rio de Janeiro e fundador da Iniciativa FIS parabenizo todos os m\u00e9dicos do pa\u00eds que, diariamente, se dedicam&hellip;<\/p>\n","protected":false},"author":3,"featured_media":32363,"comment_status":"closed","ping_status":"closed","sticky":false,"template":"","format":"standard","meta":{"_exactmetrics_skip_tracking":false,"_exactmetrics_sitenote_active":false,"_exactmetrics_sitenote_note":"","_exactmetrics_sitenote_category":0,"footnotes":""},"categories":[6,10],"tags":[],"class_list":["post-32362","post","type-post","status-publish","format-standard","has-post-thumbnail","hentry","category-destaque_noticias","category-noticias"],"_links":{"self":[{"href":"https:\/\/acrj.org.br\/index.php\/wp-json\/wp\/v2\/posts\/32362","targetHints":{"allow":["GET"]}}],"collection":[{"href":"https:\/\/acrj.org.br\/index.php\/wp-json\/wp\/v2\/posts"}],"about":[{"href":"https:\/\/acrj.org.br\/index.php\/wp-json\/wp\/v2\/types\/post"}],"author":[{"embeddable":true,"href":"https:\/\/acrj.org.br\/index.php\/wp-json\/wp\/v2\/users\/3"}],"replies":[{"embeddable":true,"href":"https:\/\/acrj.org.br\/index.php\/wp-json\/wp\/v2\/comments?post=32362"}],"version-history":[{"count":0,"href":"https:\/\/acrj.org.br\/index.php\/wp-json\/wp\/v2\/posts\/32362\/revisions"}],"wp:featuredmedia":[{"embeddable":true,"href":"https:\/\/acrj.org.br\/index.php\/wp-json\/wp\/v2\/media\/32363"}],"wp:attachment":[{"href":"https:\/\/acrj.org.br\/index.php\/wp-json\/wp\/v2\/media?parent=32362"}],"wp:term":[{"taxonomy":"category","embeddable":true,"href":"https:\/\/acrj.org.br\/index.php\/wp-json\/wp\/v2\/categories?post=32362"},{"taxonomy":"post_tag","embeddable":true,"href":"https:\/\/acrj.org.br\/index.php\/wp-json\/wp\/v2\/tags?post=32362"}],"curies":[{"name":"wp","href":"https:\/\/api.w.org\/{rel}","templated":true}]}}