{"id":32119,"date":"2024-10-11T16:01:19","date_gmt":"2024-10-11T19:01:19","guid":{"rendered":"https:\/\/acrj.org.br\/?p=32119"},"modified":"2024-10-18T21:35:06","modified_gmt":"2024-10-19T00:35:06","slug":"crescimento-do-mercado-de-apostas-esportivas-as-bets-foi-um-dos-temas-debatidos-pelo-conselho-do-varejo","status":"publish","type":"post","link":"https:\/\/acrj.org.br\/index.php\/2024\/10\/11\/crescimento-do-mercado-de-apostas-esportivas-as-bets-foi-um-dos-temas-debatidos-pelo-conselho-do-varejo\/","title":{"rendered":"Crescimento do mercado de apostas esportivas, as Bets, foi um dos temas debatidos pelo Conselho do Varejo"},"content":{"rendered":"\n<p>O Conselho Empresarial do Varejo da ACRJ se reuniu, dia 11 de outubro, para debater diversos assuntos, entre eles, as oportunidades para o varejo brasileiro no mercado internacional e os impactos das Bets na economia. O presidente do Conselho, Juedir Teixeira, tamb\u00e9m fez um balan\u00e7o da participa\u00e7\u00e3o no II F\u00f3rum Empreendedor Rio, realizado pela ACRJ em setembro, e diplomou dois novos conselheiros, H\u00e9lio Katz e Antonio L\u00facio.<\/p>\n\n\n\n<p>O tema das Bets vem preocupando os governos e empres\u00e1rios e foi um dos assuntos abordados na reuni\u00e3o de hoje pelo conselheiro Antonio L\u00facio. De acordo com ele, o mercado de apostas esportivas no Brasil est\u00e1 em crescimento exponencial, ressaltando que isso tem implica\u00e7\u00f5es significativas para o varejo e a economia nacional. Saiba mais <strong><a href=\"https:\/\/acrj.org.br\/wp-content\/uploads\/2024\/10\/O-Impacto-das-Apostas-Esportivas-no-Varejo-Brasileiro.pdf\">aqui<\/a><\/strong><\/p>\n\n\n\n<p>Ele fez uma linha do tempo mostrando que em 2018, ano da legaliza\u00e7\u00e3o das apostas esportivas no Brasil, a movimenta\u00e7\u00e3o foi de R$ 5 bilh\u00f5es. No ano passado, 300 empresas estavam em opera\u00e7\u00e3o e movimentaram algo entre R$ 60 bilh\u00f5es e R$ 100 bilh\u00f5es e este ano a proje\u00e7\u00e3o \u00e9 que fique entre R$ 90 e R$ 130 bilh\u00f5es, um crescimento de 89%.<\/p>\n\n\n\n<p>O conselheiro alertou para os impactos que afetam diversas fam\u00edlias brasileiras, em especial de baixa renda, e benefici\u00e1rios do Bolsa Fam\u00edlia, com aumento significativo de gastos e endividamento na busca por melhoria r\u00e1pida de vida. Somente em agosto deste ano, segundo Antonio L\u00facio, 5 milh\u00f5es de benefici\u00e1rios do programa do Governo Federal gastaram 3 bilh\u00f5es de Reais em apostas via Pix.<\/p>\n\n\n\n<p>Presente na reuni\u00e3o, o presidente da ACRJ, Josier Vilar, tamb\u00e9m se mostrou preocupado e sugeriu que seja feito um documento com o posicionamento da Associa\u00e7\u00e3o Comercial, com base no levantamento do Conselho do Varejo, para mobilizar os parlamentares da bancada fluminense no Congresso. \u201cVamos convid\u00e1-los para um encontro aqui na ACRJ para aprofundar o debate sobre este assunto\u201d, disse.<\/p>\n\n\n\n<p>Em outro t\u00f3pico da pauta, a conselheira Ana Cristina Oliveira fez um resumo sobre as oportunidades para o varejo em feiras e eventos internacionais, como as do segmento de alimentos, utilidades e mostrou um pouco do que o mercado estrangeiro tem a oferecer para marcas nacionais. Saiba mais <strong><a href=\"https:\/\/acrj.org.br\/wp-content\/uploads\/2024\/10\/APRESENTACAO-ACRJ-PDDF_mercado-internacional_11_out.pdf\">aqui<\/a><\/strong> <\/p>\n\n\n\n<p>A sess\u00e3o Hist\u00f3ria das Marcas contou com a presen\u00e7a do CEO da Bagaggio, Filipe Barbosa, que contou a trajet\u00f3ria da empresa fundada em 1942, que se tornou refer\u00eancia de malas e acess\u00f3rios de viagem na cidade do Rio de Janeiro. Hoje, segundo ele, lidera o varejo brasileiro no segmento em que atua atrav\u00e9s de mais de 200 lojas em 25 estados e de sua presen\u00e7a digital. Conhe\u00e7a mais sobre a hist\u00f3ria da marca <strong><a href=\"https:\/\/acrj.org.br\/wp-content\/uploads\/2024\/10\/Bagaggio-2024.pdf\">aqui <\/a><\/strong><\/p>\n\n\n\n<figure class=\"wp-block-image size-large is-resized\"><img fetchpriority=\"high\" decoding=\"async\" width=\"1024\" height=\"483\" src=\"https:\/\/acrj.org.br\/wp-content\/uploads\/2024\/10\/mesa-2-1024x483.jpg\" alt=\"\" class=\"wp-image-32125\" style=\"width:360px\" srcset=\"https:\/\/acrj.org.br\/wp-content\/uploads\/2024\/10\/mesa-2-1024x483.jpg 1024w, https:\/\/acrj.org.br\/wp-content\/uploads\/2024\/10\/mesa-2-300x142.jpg 300w, https:\/\/acrj.org.br\/wp-content\/uploads\/2024\/10\/mesa-2-768x362.jpg 768w, https:\/\/acrj.org.br\/wp-content\/uploads\/2024\/10\/mesa-2-1536x725.jpg 1536w, https:\/\/acrj.org.br\/wp-content\/uploads\/2024\/10\/mesa-2.jpg 1907w\" sizes=\"(max-width: 1024px) 100vw, 1024px\" \/><\/figure>\n\n\n\n<figure class=\"wp-block-image size-full is-resized\"><img decoding=\"async\" width=\"993\" height=\"806\" src=\"https:\/\/acrj.org.br\/wp-content\/uploads\/2024\/10\/flipe.jpg\" alt=\"\" class=\"wp-image-32126\" style=\"width:360px\" srcset=\"https:\/\/acrj.org.br\/wp-content\/uploads\/2024\/10\/flipe.jpg 993w, https:\/\/acrj.org.br\/wp-content\/uploads\/2024\/10\/flipe-300x244.jpg 300w, https:\/\/acrj.org.br\/wp-content\/uploads\/2024\/10\/flipe-768x623.jpg 768w\" sizes=\"(max-width: 993px) 100vw, 993px\" \/><figcaption class=\"wp-element-caption\">Filipe Barbosa, CEO da Bagaggio<\/figcaption><\/figure>\n\n\n\n<figure class=\"wp-block-image size-full is-resized\"><img decoding=\"async\" width=\"2387\" height=\"1534\" src=\"https:\/\/acrj.org.br\/wp-content\/uploads\/2024\/10\/antonio-lucio1.jpg\" alt=\"\" class=\"wp-image-32127\" style=\"width:360px\" srcset=\"https:\/\/acrj.org.br\/wp-content\/uploads\/2024\/10\/antonio-lucio1.jpg 2387w, https:\/\/acrj.org.br\/wp-content\/uploads\/2024\/10\/antonio-lucio1-300x193.jpg 300w, https:\/\/acrj.org.br\/wp-content\/uploads\/2024\/10\/antonio-lucio1-1024x658.jpg 1024w, https:\/\/acrj.org.br\/wp-content\/uploads\/2024\/10\/antonio-lucio1-768x494.jpg 768w, https:\/\/acrj.org.br\/wp-content\/uploads\/2024\/10\/antonio-lucio1-1536x987.jpg 1536w, https:\/\/acrj.org.br\/wp-content\/uploads\/2024\/10\/antonio-lucio1-2048x1316.jpg 2048w\" sizes=\"(max-width: 2387px) 100vw, 2387px\" \/><figcaption class=\"wp-element-caption\">Antonio L\u00facio falou sobre as Bets<\/figcaption><\/figure>\n\n\n\n<p><\/p>\n","protected":false},"excerpt":{"rendered":"<p>O Conselho Empresarial do Varejo da ACRJ se reuniu, dia 11 de outubro, para debater diversos assuntos, entre eles, as oportunidades para o varejo brasileiro&hellip;<\/p>\n","protected":false},"author":3,"featured_media":32120,"comment_status":"closed","ping_status":"closed","sticky":false,"template":"","format":"standard","meta":{"_exactmetrics_skip_tracking":false,"_exactmetrics_sitenote_active":false,"_exactmetrics_sitenote_note":"","_exactmetrics_sitenote_category":0,"footnotes":""},"categories":[56],"tags":[],"class_list":["post-32119","post","type-post","status-publish","format-standard","has-post-thumbnail","hentry","category-destaque_conselhos"],"_links":{"self":[{"href":"https:\/\/acrj.org.br\/index.php\/wp-json\/wp\/v2\/posts\/32119","targetHints":{"allow":["GET"]}}],"collection":[{"href":"https:\/\/acrj.org.br\/index.php\/wp-json\/wp\/v2\/posts"}],"about":[{"href":"https:\/\/acrj.org.br\/index.php\/wp-json\/wp\/v2\/types\/post"}],"author":[{"embeddable":true,"href":"https:\/\/acrj.org.br\/index.php\/wp-json\/wp\/v2\/users\/3"}],"replies":[{"embeddable":true,"href":"https:\/\/acrj.org.br\/index.php\/wp-json\/wp\/v2\/comments?post=32119"}],"version-history":[{"count":0,"href":"https:\/\/acrj.org.br\/index.php\/wp-json\/wp\/v2\/posts\/32119\/revisions"}],"wp:featuredmedia":[{"embeddable":true,"href":"https:\/\/acrj.org.br\/index.php\/wp-json\/wp\/v2\/media\/32120"}],"wp:attachment":[{"href":"https:\/\/acrj.org.br\/index.php\/wp-json\/wp\/v2\/media?parent=32119"}],"wp:term":[{"taxonomy":"category","embeddable":true,"href":"https:\/\/acrj.org.br\/index.php\/wp-json\/wp\/v2\/categories?post=32119"},{"taxonomy":"post_tag","embeddable":true,"href":"https:\/\/acrj.org.br\/index.php\/wp-json\/wp\/v2\/tags?post=32119"}],"curies":[{"name":"wp","href":"https:\/\/api.w.org\/{rel}","templated":true}]}}