{"id":3193,"date":"2018-11-30T21:02:00","date_gmt":"2018-11-30T23:02:00","guid":{"rendered":"http:\/\/acrj2020.profissional.ws\/?p=3193"},"modified":"2020-03-01T21:03:36","modified_gmt":"2020-03-02T00:03:36","slug":"o-ihgb-seus-180-anos-e-os-200-do-brasil","status":"publish","type":"post","link":"https:\/\/acrj.org.br\/index.php\/2018\/11\/30\/o-ihgb-seus-180-anos-e-os-200-do-brasil\/","title":{"rendered":"O IHGB, seus 180 anos, e os 200 do Brasil"},"content":{"rendered":"\n<p>O Instituto Hist\u00f3rico Geogr\u00e1fico do Brasil acaba de celebrar seus 180 anos, em vigorosa sess\u00e3o acad\u00eamica, a que assisti, presidida pelo historiador Arno Wellig.&nbsp;<\/p>\n\n\n\n<p>Num pa\u00eds como o Brasil, os sentimentos de na\u00e7\u00e3o ainda s\u00e3o d\u00e9beis, quase sempre obl\u00edquos. Tamb\u00e9m pudera, com uma elite pol\u00edtica e administrativa que se arrasta por d\u00e9cadas.<\/p>\n\n\n\n<p>O Minist\u00e9rio da Cultura lan\u00e7ou um projeto que deve cuidar \u2013 por que n\u00e3o? \u2013 de erguer as combalidas bases do \u201cafeto que se encerra em nosso peito varonil\u201d.<\/p>\n\n\n\n<p>Sempre entendi, ainda nos bancos escolares do Internato do Col\u00e9gio Pedro II, que a hist\u00f3ria de uma na\u00e7\u00e3o ser\u00e1 a r\u00e9gua e o compasso para lhe moldar o presente. Alguns, e j\u00e1 comprovei esse desacerto, t\u00eam a petul\u00e2ncia, ou ignor\u00e2ncia, de tentar construir o presente sem se dar conta de que nos habita um passado. S\u00e3o os fantasmas cujos ectoplasmas plantam a s\u00edntese que define os arcabou\u00e7os de qualquer na\u00e7\u00e3o. Ali\u00e1s, todos os historiadores respons\u00e1veis e de saber universal sempre batem na mesma tecla: a indaga\u00e7\u00e3o do passado \u00e9 \u00fanica argamassa para se construir o presente e se presumir o futuro.<\/p>\n\n\n\n<p>Recomendaria ao Minist\u00e9rio da Cultura, mesmo j\u00e1 em fim de governo, que uma celebra\u00e7\u00e3o deste porte deva apontar como \u00e2ncora e organizador principal o IHGB, \u00f3rg\u00e3o modelar, fundado por Dom Pedro II, que lhe frequentava todas as sess\u00f5es. \u201c\u00d3 tempos, \u00d3 homens\u201d. O motivo principal do evento \u00e9 festejar-se o \u00f3bvio, a Independ\u00eancia em si mesma. H\u00e1 que se promover um mergulho na esquina do passado, na historicidade das consequ\u00eancias formais do Grito do Ipiranga, no esp\u00edrito que forjou um pa\u00eds livre.<\/p>\n\n\n\n<p>Em recente reuni\u00e3o, ouvi no IHGB uma frase saborosa \u2013 \u201co Brasil foi a \u00fanica col\u00f4nia do mundo a ser declarada liberta pelo mesmo dirigente da matriz\u201d. De fato, pouco importa se nosso Pedro I teria tido autoriza\u00e7\u00e3o do pai Dom Jo\u00e3o VI para bradar a Independ\u00eancia. Pouco importa que o Grito do pr\u00edncipe fosse um quase sussurro para meia d\u00fazia de acompanhantes. Tampouco vale a observa\u00e7\u00e3o reles de que o rio do Ipiranga fosse um modesto riacho de margens inexpressivas.<\/p>\n\n\n\n<p>O que de fato importa \u00e9 o simbolismo do feito a ser tomado como \u00e9pico, o inicio de uma na\u00e7\u00e3o. Deveremos centrar nossas exalta\u00e7\u00f5es, sejamos inteligentes, no ato hist\u00f3rico e suas consequ\u00eancias de constru\u00e7\u00e3o. E n\u00e3o voltar ao blablabl\u00e1 de investigar apenas o pa\u00eds do hoje. Que n\u00e3o ser\u00e1 este o f\u00f3rum especifico de celebra\u00e7\u00f5es. Raz\u00e3o, de mais uma vez, recomendar \u00e0s autoridades federais a coordena\u00e7\u00e3o geral do mais antigo \u00f3rg\u00e3o cultural e memorial do Brasil, o nosso precioso IHGB. Cuja gest\u00e3o, de resto, \u00e9 modelar e honrada por uma diretoria de grandes historiadores, presididos pelo agora tamb\u00e9m acad\u00eamico da ABL Arno Wellig.<\/p>\n\n\n\n<p>O exemplo de um passado \u00e9pico brilhar\u00e1 mais que o presente de agora. Triste e sombrio.<\/p>\n\n\n\n<p class=\"has-text-align-right has-medium-font-size\"><strong>Ricardo Cravo Albin<\/strong><br>Benem\u00e9rito, Presidente de Honra e Membro Honor\u00e1rio do CE Assuntos Culturais da ACRJ<\/p>\n","protected":false},"excerpt":{"rendered":"<p>O Instituto Hist\u00f3rico Geogr\u00e1fico do Brasil acaba de celebrar seus 180 anos, em vigorosa sess\u00e3o acad\u00eamica, a que assisti, presidida pelo historiador Arno Wellig.&nbsp; Num&hellip;<\/p>\n","protected":false},"author":1,"featured_media":3093,"comment_status":"closed","ping_status":"open","sticky":false,"template":"","format":"standard","meta":{"_exactmetrics_skip_tracking":false,"_exactmetrics_sitenote_active":false,"_exactmetrics_sitenote_note":"","_exactmetrics_sitenote_category":0,"footnotes":""},"categories":[12],"tags":[],"class_list":["post-3193","post","type-post","status-publish","format-standard","has-post-thumbnail","hentry","category-artigos"],"_links":{"self":[{"href":"https:\/\/acrj.org.br\/index.php\/wp-json\/wp\/v2\/posts\/3193","targetHints":{"allow":["GET"]}}],"collection":[{"href":"https:\/\/acrj.org.br\/index.php\/wp-json\/wp\/v2\/posts"}],"about":[{"href":"https:\/\/acrj.org.br\/index.php\/wp-json\/wp\/v2\/types\/post"}],"author":[{"embeddable":true,"href":"https:\/\/acrj.org.br\/index.php\/wp-json\/wp\/v2\/users\/1"}],"replies":[{"embeddable":true,"href":"https:\/\/acrj.org.br\/index.php\/wp-json\/wp\/v2\/comments?post=3193"}],"version-history":[{"count":0,"href":"https:\/\/acrj.org.br\/index.php\/wp-json\/wp\/v2\/posts\/3193\/revisions"}],"wp:featuredmedia":[{"embeddable":true,"href":"https:\/\/acrj.org.br\/index.php\/wp-json\/wp\/v2\/media\/3093"}],"wp:attachment":[{"href":"https:\/\/acrj.org.br\/index.php\/wp-json\/wp\/v2\/media?parent=3193"}],"wp:term":[{"taxonomy":"category","embeddable":true,"href":"https:\/\/acrj.org.br\/index.php\/wp-json\/wp\/v2\/categories?post=3193"},{"taxonomy":"post_tag","embeddable":true,"href":"https:\/\/acrj.org.br\/index.php\/wp-json\/wp\/v2\/tags?post=3193"}],"curies":[{"name":"wp","href":"https:\/\/api.w.org\/{rel}","templated":true}]}}