{"id":31902,"date":"2024-10-07T15:55:05","date_gmt":"2024-10-07T18:55:05","guid":{"rendered":"https:\/\/acrj.org.br\/?p=31902"},"modified":"2024-10-18T21:35:42","modified_gmt":"2024-10-19T00:35:42","slug":"presidente-da-firjan-e-o-homenageado-do-almoco-do-empresario-promovido-pela-acrj","status":"publish","type":"post","link":"https:\/\/acrj.org.br\/index.php\/2024\/10\/07\/presidente-da-firjan-e-o-homenageado-do-almoco-do-empresario-promovido-pela-acrj\/","title":{"rendered":"Presidente da Firjan \u00e9 o homenageado do Almo\u00e7o do Empres\u00e1rio promovido pela ACRJ"},"content":{"rendered":"\n<p>A ACRJ recebeu nesta 2\u00aa feira, 7 de outubro, o empres\u00e1rio Eduardo Eug\u00eanio Gouv\u00eaa Vieira, presidente da Firjan, que foi o homenageado do Almo\u00e7o do Empres\u00e1rio, tradicional evento organizado pela Associa\u00e7\u00e3o Comercial. <\/p>\n\n\n\n<p>Na oportunidade, Eduardo Eugenio recebeu das m\u00e3os do presidente da ACRJ, Josier Vilar, a medalha bicenten\u00e1rio Visconde de Mau\u00e1, a maior honraria concedida pela ACRJ. Ele tamb\u00e9m foi diplomado pelo presidente do Conselho Superior da ACRJ, Ruy Barreto Filho, como Benem\u00e9rito, eleito por unanimidade pelo Conselho Superior da Casa de Mau\u00e1.<\/p>\n\n\n\n<p>Na abertura o evento, o ex-presidente da ACRJ e Grande Benem\u00e9rito, Jos\u00e9 Luiz Alqu\u00e9res, fez um discurso sobre o homenageado, destacando sua importante contribui\u00e7\u00e3o para o desenvolvimento econ\u00f4mico do Rio de Janeiro como empres\u00e1rio e dirigente da Federa\u00e7\u00e3o das Insd\u00fastrias do Rio.   <\/p>\n\n\n\n<p>O evento reuniu empres\u00e1rios de diversos segmentos e membros das diretorias da Firjan e da ACRJ, al\u00e9m de jornalistas e convidados, e contou com uma apresenta\u00e7\u00e3o especial da orquestra da Escola de M\u00fasica da Rocinha. Vinte e cinco m\u00fasicos apresentaram cl\u00e1ssicos na MPB sob a reg\u00eancia do maestro Luiz Cl\u00e1udio Muca. <\/p>\n\n\n\n<p>Confira <strong><a href=\"https:\/\/youtu.be\/pjLkB-0pVfI\">aqui <\/a><\/strong>o evento na \u00edntegra<\/p>\n\n\n\n<figure class=\"wp-block-image size-large is-resized\"><img fetchpriority=\"high\" decoding=\"async\" width=\"1024\" height=\"906\" src=\"https:\/\/acrj.org.br\/wp-content\/uploads\/2024\/10\/medalha-1024x906.jpg\" alt=\"\" class=\"wp-image-31913\" style=\"width:360px\" srcset=\"https:\/\/acrj.org.br\/wp-content\/uploads\/2024\/10\/medalha-1024x906.jpg 1024w, https:\/\/acrj.org.br\/wp-content\/uploads\/2024\/10\/medalha-300x265.jpg 300w, https:\/\/acrj.org.br\/wp-content\/uploads\/2024\/10\/medalha-768x679.jpg 768w, https:\/\/acrj.org.br\/wp-content\/uploads\/2024\/10\/medalha.jpg 1193w\" sizes=\"(max-width: 1024px) 100vw, 1024px\" \/><figcaption class=\"wp-element-caption\">Josier Vilar entrega a medalha bicenten\u00e1rio Visconde de Mau\u00e1 a Eduardo Eugenio<\/figcaption><\/figure>\n\n\n\n<figure class=\"wp-block-image size-full is-resized\"><img decoding=\"async\" width=\"918\" height=\"1004\" src=\"https:\/\/acrj.org.br\/wp-content\/uploads\/2024\/10\/diploma-EGV1.jpg\" alt=\"\" class=\"wp-image-31920\" style=\"width:360px\" srcset=\"https:\/\/acrj.org.br\/wp-content\/uploads\/2024\/10\/diploma-EGV1.jpg 918w, https:\/\/acrj.org.br\/wp-content\/uploads\/2024\/10\/diploma-EGV1-274x300.jpg 274w, https:\/\/acrj.org.br\/wp-content\/uploads\/2024\/10\/diploma-EGV1-768x840.jpg 768w\" sizes=\"(max-width: 918px) 100vw, 918px\" \/><figcaption class=\"wp-element-caption\">Eduardo Eugenio \u00e9 diplomado como benem\u00e9rito pelo presidente <br>do Conselho Superior da ACRJ, Ruy Barreto Filho<\/figcaption><\/figure>\n\n\n\n<figure class=\"wp-block-image size-large is-resized\"><img decoding=\"async\" width=\"1024\" height=\"661\" src=\"https:\/\/acrj.org.br\/wp-content\/uploads\/2024\/10\/grupo-com-rosiska-1024x661.jpg\" alt=\"\" class=\"wp-image-31922\" style=\"width:360px\" srcset=\"https:\/\/acrj.org.br\/wp-content\/uploads\/2024\/10\/grupo-com-rosiska-1024x661.jpg 1024w, https:\/\/acrj.org.br\/wp-content\/uploads\/2024\/10\/grupo-com-rosiska-300x194.jpg 300w, https:\/\/acrj.org.br\/wp-content\/uploads\/2024\/10\/grupo-com-rosiska-768x496.jpg 768w, https:\/\/acrj.org.br\/wp-content\/uploads\/2024\/10\/grupo-com-rosiska-1536x991.jpg 1536w, https:\/\/acrj.org.br\/wp-content\/uploads\/2024\/10\/grupo-com-rosiska.jpg 1599w\" sizes=\"(max-width: 1024px) 100vw, 1024px\" \/><figcaption class=\"wp-element-caption\">Jos\u00e9 Luiz Alqueres, Luiz Cesio Caetano, Asp\u00e1sia Camargo, <br>C\u00f4nsul Tian Min, Josier Vilar, Rosiska Darcy e Eduardo Eugenio<\/figcaption><\/figure>\n\n\n\n<figure class=\"wp-block-image size-full is-resized\"><img loading=\"lazy\" decoding=\"async\" width=\"960\" height=\"842\" src=\"https:\/\/acrj.org.br\/wp-content\/uploads\/2024\/10\/benemeritos-1.jpeg\" alt=\"\" class=\"wp-image-31927\" style=\"width:360px\" srcset=\"https:\/\/acrj.org.br\/wp-content\/uploads\/2024\/10\/benemeritos-1.jpeg 960w, https:\/\/acrj.org.br\/wp-content\/uploads\/2024\/10\/benemeritos-1-300x263.jpeg 300w, https:\/\/acrj.org.br\/wp-content\/uploads\/2024\/10\/benemeritos-1-768x674.jpeg 768w\" sizes=\"(max-width: 960px) 100vw, 960px\" \/><figcaption class=\"wp-element-caption\">Josier Vilar e membros do Conselho Superior da ACRJ: Ricardo Salles,<br>Joaquim Falc\u00e3o, \u00c1ureo Salles, Corintho de Arruda Falc\u00e3o e Tecio Lins e Silva<\/figcaption><\/figure>\n\n\n\n<figure class=\"wp-block-image size-large is-resized\"><img loading=\"lazy\" decoding=\"async\" width=\"1024\" height=\"836\" src=\"https:\/\/acrj.org.br\/wp-content\/uploads\/2024\/10\/robson-2-1024x836.jpg\" alt=\"\" class=\"wp-image-31919\" style=\"width:360px\" srcset=\"https:\/\/acrj.org.br\/wp-content\/uploads\/2024\/10\/robson-2-1024x836.jpg 1024w, https:\/\/acrj.org.br\/wp-content\/uploads\/2024\/10\/robson-2-300x245.jpg 300w, https:\/\/acrj.org.br\/wp-content\/uploads\/2024\/10\/robson-2-768x627.jpg 768w, https:\/\/acrj.org.br\/wp-content\/uploads\/2024\/10\/robson-2.jpg 1378w\" sizes=\"(max-width: 1024px) 100vw, 1024px\" \/><figcaption class=\"wp-element-caption\">Ruy Barreto Filho, Josier Vilar e Robson Carneiro, presidente <br>da Facerj e do Conselho do Sebrae Rio<\/figcaption><\/figure>\n\n\n\n<figure class=\"wp-block-image size-large is-resized\"><img loading=\"lazy\" decoding=\"async\" width=\"1024\" height=\"697\" src=\"https:\/\/acrj.org.br\/wp-content\/uploads\/2024\/10\/orquestra-1-1024x697.jpg\" alt=\"\" class=\"wp-image-31917\" style=\"width:360px\" srcset=\"https:\/\/acrj.org.br\/wp-content\/uploads\/2024\/10\/orquestra-1-1024x697.jpg 1024w, https:\/\/acrj.org.br\/wp-content\/uploads\/2024\/10\/orquestra-1-300x204.jpg 300w, https:\/\/acrj.org.br\/wp-content\/uploads\/2024\/10\/orquestra-1-768x522.jpg 768w, https:\/\/acrj.org.br\/wp-content\/uploads\/2024\/10\/orquestra-1.jpg 1342w\" sizes=\"(max-width: 1024px) 100vw, 1024px\" \/><figcaption class=\"wp-element-caption\">Orquestra da Escola de M\u00fasica da Rocinha<\/figcaption><\/figure>\n\n\n\n<figure class=\"wp-block-image size-large is-resized\"><img loading=\"lazy\" decoding=\"async\" width=\"1024\" height=\"682\" src=\"https:\/\/acrj.org.br\/wp-content\/uploads\/2024\/10\/consules-1024x682.jpg\" alt=\"\" class=\"wp-image-31925\" style=\"width:360px\" srcset=\"https:\/\/acrj.org.br\/wp-content\/uploads\/2024\/10\/consules-1024x682.jpg 1024w, https:\/\/acrj.org.br\/wp-content\/uploads\/2024\/10\/consules-300x200.jpg 300w, https:\/\/acrj.org.br\/wp-content\/uploads\/2024\/10\/consules-768x512.jpg 768w, https:\/\/acrj.org.br\/wp-content\/uploads\/2024\/10\/consules-1536x1023.jpg 1536w, https:\/\/acrj.org.br\/wp-content\/uploads\/2024\/10\/consules.jpg 1600w\" sizes=\"(max-width: 1024px) 100vw, 1024px\" \/><figcaption class=\"wp-element-caption\">Jos\u00e9 Luiz Alqu\u00e9res e os Consules do Jap\u00e3o, Takashi Manabe, <br>da Rep\u00fablica Dominicana, Roberto Rubio, e da China, Tian Min<\/figcaption><\/figure>\n\n\n\n<figure class=\"wp-block-image size-large is-resized\"><img loading=\"lazy\" decoding=\"async\" width=\"1024\" height=\"461\" src=\"https:\/\/acrj.org.br\/wp-content\/uploads\/2024\/10\/rebuzzi-1024x461.jpeg\" alt=\"\" class=\"wp-image-31942\" style=\"width:360px\" srcset=\"https:\/\/acrj.org.br\/wp-content\/uploads\/2024\/10\/rebuzzi-1024x461.jpeg 1024w, https:\/\/acrj.org.br\/wp-content\/uploads\/2024\/10\/rebuzzi-300x135.jpeg 300w, https:\/\/acrj.org.br\/wp-content\/uploads\/2024\/10\/rebuzzi-768x346.jpeg 768w, https:\/\/acrj.org.br\/wp-content\/uploads\/2024\/10\/rebuzzi-1536x691.jpeg 1536w, https:\/\/acrj.org.br\/wp-content\/uploads\/2024\/10\/rebuzzi.jpeg 1600w\" sizes=\"(max-width: 1024px) 100vw, 1024px\" \/><\/figure>\n\n\n\n<figure class=\"wp-block-image size-large is-resized\"><img loading=\"lazy\" decoding=\"async\" width=\"1024\" height=\"682\" src=\"https:\/\/acrj.org.br\/wp-content\/uploads\/2024\/10\/mesa-Cons-Superior-1024x682.jpg\" alt=\"\" class=\"wp-image-31924\" style=\"width:360px\" srcset=\"https:\/\/acrj.org.br\/wp-content\/uploads\/2024\/10\/mesa-Cons-Superior-1024x682.jpg 1024w, https:\/\/acrj.org.br\/wp-content\/uploads\/2024\/10\/mesa-Cons-Superior-300x200.jpg 300w, https:\/\/acrj.org.br\/wp-content\/uploads\/2024\/10\/mesa-Cons-Superior-768x512.jpg 768w, https:\/\/acrj.org.br\/wp-content\/uploads\/2024\/10\/mesa-Cons-Superior-1536x1024.jpg 1536w, https:\/\/acrj.org.br\/wp-content\/uploads\/2024\/10\/mesa-Cons-Superior.jpg 1688w\" sizes=\"(max-width: 1024px) 100vw, 1024px\" \/><\/figure>\n\n\n\n<p><\/p>\n\n\n\n<p>Fotos Kaique Galiza<\/p>\n","protected":false},"excerpt":{"rendered":"<p>A ACRJ recebeu nesta 2\u00aa feira, 7 de outubro, o empres\u00e1rio Eduardo Eug\u00eanio Gouv\u00eaa Vieira, presidente da Firjan, que foi o homenageado do Almo\u00e7o do&hellip;<\/p>\n","protected":false},"author":3,"featured_media":31910,"comment_status":"closed","ping_status":"closed","sticky":false,"template":"","format":"standard","meta":{"_exactmetrics_skip_tracking":false,"_exactmetrics_sitenote_active":false,"_exactmetrics_sitenote_note":"","_exactmetrics_sitenote_category":0,"footnotes":""},"categories":[10],"tags":[],"class_list":["post-31902","post","type-post","status-publish","format-standard","has-post-thumbnail","hentry","category-noticias"],"_links":{"self":[{"href":"https:\/\/acrj.org.br\/index.php\/wp-json\/wp\/v2\/posts\/31902","targetHints":{"allow":["GET"]}}],"collection":[{"href":"https:\/\/acrj.org.br\/index.php\/wp-json\/wp\/v2\/posts"}],"about":[{"href":"https:\/\/acrj.org.br\/index.php\/wp-json\/wp\/v2\/types\/post"}],"author":[{"embeddable":true,"href":"https:\/\/acrj.org.br\/index.php\/wp-json\/wp\/v2\/users\/3"}],"replies":[{"embeddable":true,"href":"https:\/\/acrj.org.br\/index.php\/wp-json\/wp\/v2\/comments?post=31902"}],"version-history":[{"count":0,"href":"https:\/\/acrj.org.br\/index.php\/wp-json\/wp\/v2\/posts\/31902\/revisions"}],"wp:featuredmedia":[{"embeddable":true,"href":"https:\/\/acrj.org.br\/index.php\/wp-json\/wp\/v2\/media\/31910"}],"wp:attachment":[{"href":"https:\/\/acrj.org.br\/index.php\/wp-json\/wp\/v2\/media?parent=31902"}],"wp:term":[{"taxonomy":"category","embeddable":true,"href":"https:\/\/acrj.org.br\/index.php\/wp-json\/wp\/v2\/categories?post=31902"},{"taxonomy":"post_tag","embeddable":true,"href":"https:\/\/acrj.org.br\/index.php\/wp-json\/wp\/v2\/tags?post=31902"}],"curies":[{"name":"wp","href":"https:\/\/api.w.org\/{rel}","templated":true}]}}