{"id":3188,"date":"2018-11-12T20:59:00","date_gmt":"2018-11-12T22:59:00","guid":{"rendered":"http:\/\/acrj2020.profissional.ws\/?p=3188"},"modified":"2020-03-01T21:00:33","modified_gmt":"2020-03-02T00:00:33","slug":"apos-as-eleicoes-nos-somos-os-fiscais","status":"publish","type":"post","link":"https:\/\/acrj.org.br\/index.php\/2018\/11\/12\/apos-as-eleicoes-nos-somos-os-fiscais\/","title":{"rendered":"AP\u00d3S AS ELEI\u00c7\u00d5ES: N\u00d3S SOMOS OS FISCAIS!"},"content":{"rendered":"\n<p>Nos muros da cidade de Pompeia, na Roma Antiga, que funcionavam como jornais, era poss\u00edvel encontrar todo tipo de picha\u00e7\u00f5es (<em>graffiti)<\/em>, tais como an\u00fancios que podiam interessar \u00e0 comunidade como lutas de gladiadores no anfiteatro ou&nbsp;<em>slogans<\/em>&nbsp;eleitorais como este: \u201c<em>Pe\u00e7o seu voto para eleger Gaius Julius Polybius vereador. Ele tem bom p\u00e3o.\u201d&nbsp;<\/em>Ou ainda este: \u201c<em>Os vizinhos de Lucius Statius Receptus pedem seu voto para eleg\u00ea-lo du\u00fanviro com poder judicial, ele merece. Aemilius Celer, um vizinho, escreveu isto. Voc\u00ea pode ficar doente se apagar maldosamente\u201d.<\/em><\/p>\n\n\n\n<p>Como se v\u00ea, seja nos idos das elei\u00e7\u00f5es romanas na antiguidade cl\u00e1ssica at\u00e9 os dias de hoje, principalmente em nossas \u00faltimas elei\u00e7\u00f5es presidenciais, a democracia lida com a propaganda sobre os m\u00e9ritos dos candidatos e com o risco de se apagar maldosamente as not\u00edcias sobre eles, ou mesmo com o perigo de difus\u00e3o das&nbsp;<em>fake news<\/em>. Se recordarmos a origem da palavra candidato, veremos que ela vem do latim candidatus, isto \u00e9, vestido de branco (<em>candidu<\/em>s), querendo significar uma vida sem manchas, porque os candidatos tinham que apresentar uma vida imaculada. Assim, na antiguidade, aquele que disputava um cargo p\u00fablico e precisava angariar votos vestia-se de branco para simbolizar sua pureza.<\/p>\n\n\n\n<p>Voltando ao nosso pa\u00eds, pode-se perguntar se ap\u00f3s as elei\u00e7\u00f5es de 2018 teremos condi\u00e7\u00f5es de verificar se as promessas feitas pelos candidatos eleitos realmente se aproximam de algo mais puro, como era a inten\u00e7\u00e3o na democracia romana, ou se resvalam para promessas vazias, como tamb\u00e9m ocorria nos tempos cl\u00e1ssicos. Mais do que li\u00e7\u00f5es sobre etimologia e hist\u00f3ria cl\u00e1ssica, \u00e9 preciso que os brasileiros saibam cobrar as promessas e fiscalizar os seus candidatos eleitos, muitos deles nossos representantes no Congresso Nacional, que devem fiscalizar o Executivo. Aqui, tamb\u00e9m \u00e9 poss\u00edvel ouvir o eco das cita\u00e7\u00f5es latinas: mas afinal de contas, quem fiscaliza os fiscais?<\/p>\n\n\n\n<p>A estrutura de controle dos atos executivos em nosso Pa\u00eds tem evolu\u00eddo nos \u00faltimos trinta anos e as pol\u00edticas p\u00fablicas come\u00e7am a ser avaliadas cada vez mais pelos seus resultados. Cada vez fica mais dif\u00edcil&nbsp;<em>apagar maldosamente&nbsp;<\/em>os atos de governo \u201cimpuros\u201d ou corruptos e revela-se com mais clareza quem realmente \u201cfaz um bom p\u00e3o\u201d ou realiza uma gest\u00e3o p\u00fablica digna. Ainda assim, podemos avan\u00e7ar mais como sociedade em nossa rec\u00e9m conquistada democracia, trazendo mais transpar\u00eancia, resultados e qualidade para as a\u00e7\u00f5es de governo ao nos tornarmos, n\u00f3s mesmos, os fiscais das promessas dos candidatos e dos resultados das pol\u00edticas p\u00fablicas. Todos n\u00f3s precisamos participar da fiscaliza\u00e7\u00e3o do governo, se n\u00e3o vamos continuar a comer o p\u00e3o que o diabo amassou e as promessas dos candidatos poder\u00e3o ser apagadas maldosamente, sem qualquer consequ\u00eancia. Para tanto, \u00e9 preciso lembrar o nome do seu candidato, acompanhar as suas a\u00e7\u00f5es, cobr\u00e1-lo das suas promessas, participar de associa\u00e7\u00f5es, conselhos e institui\u00e7\u00f5es que reflitam suas cren\u00e7as e pressionar os pol\u00edticos que voc\u00ea elegeu a fazer valer o seu voto a cada dia do seu mandato. Se assim o fizermos, nas pr\u00f3ximas elei\u00e7\u00f5es n\u00e3o vamos encenar uma trag\u00e9dia grega, e quem sabe algu\u00e9m possa \u201cgrafitar\u201d nos muros eletr\u00f4nicos das redes sociais: \u201cViva a Democracia Brasileira e sua Sociedade: que n\u00e3o aceita comer p\u00e3o velho, nem promessas falsas\u201d.<\/p>\n\n\n\n<p class=\"has-text-align-right has-medium-font-size\"><strong><br>Humberto Mota Filho<br><\/strong>Advogado, Cientista Pol\u00edtico e Presidente do Conselho de Governan\u00e7a e Compliance da Associa\u00e7\u00e3o Comercial do Rio de Janeiro<\/p>\n\n\n\n<p><strong>Artigo publicado no Jornal O Dia em 07\/11\/2018.<\/strong><\/p>\n","protected":false},"excerpt":{"rendered":"<p>Nos muros da cidade de Pompeia, na Roma Antiga, que funcionavam como jornais, era poss\u00edvel encontrar todo tipo de picha\u00e7\u00f5es (graffiti), tais como an\u00fancios que&hellip;<\/p>\n","protected":false},"author":1,"featured_media":3020,"comment_status":"closed","ping_status":"open","sticky":false,"template":"","format":"standard","meta":{"_exactmetrics_skip_tracking":false,"_exactmetrics_sitenote_active":false,"_exactmetrics_sitenote_note":"","_exactmetrics_sitenote_category":0,"footnotes":""},"categories":[12],"tags":[],"class_list":["post-3188","post","type-post","status-publish","format-standard","has-post-thumbnail","hentry","category-artigos"],"_links":{"self":[{"href":"https:\/\/acrj.org.br\/index.php\/wp-json\/wp\/v2\/posts\/3188","targetHints":{"allow":["GET"]}}],"collection":[{"href":"https:\/\/acrj.org.br\/index.php\/wp-json\/wp\/v2\/posts"}],"about":[{"href":"https:\/\/acrj.org.br\/index.php\/wp-json\/wp\/v2\/types\/post"}],"author":[{"embeddable":true,"href":"https:\/\/acrj.org.br\/index.php\/wp-json\/wp\/v2\/users\/1"}],"replies":[{"embeddable":true,"href":"https:\/\/acrj.org.br\/index.php\/wp-json\/wp\/v2\/comments?post=3188"}],"version-history":[{"count":0,"href":"https:\/\/acrj.org.br\/index.php\/wp-json\/wp\/v2\/posts\/3188\/revisions"}],"wp:featuredmedia":[{"embeddable":true,"href":"https:\/\/acrj.org.br\/index.php\/wp-json\/wp\/v2\/media\/3020"}],"wp:attachment":[{"href":"https:\/\/acrj.org.br\/index.php\/wp-json\/wp\/v2\/media?parent=3188"}],"wp:term":[{"taxonomy":"category","embeddable":true,"href":"https:\/\/acrj.org.br\/index.php\/wp-json\/wp\/v2\/categories?post=3188"},{"taxonomy":"post_tag","embeddable":true,"href":"https:\/\/acrj.org.br\/index.php\/wp-json\/wp\/v2\/tags?post=3188"}],"curies":[{"name":"wp","href":"https:\/\/api.w.org\/{rel}","templated":true}]}}