{"id":31852,"date":"2024-10-04T17:57:00","date_gmt":"2024-10-04T20:57:00","guid":{"rendered":"https:\/\/acrj.org.br\/?p=31852"},"modified":"2024-10-07T19:52:07","modified_gmt":"2024-10-07T22:52:07","slug":"almoco-do-empresario-com-eduardo-eugenio-gouvea-vieira","status":"publish","type":"post","link":"https:\/\/acrj.org.br\/index.php\/2024\/10\/04\/almoco-do-empresario-com-eduardo-eugenio-gouvea-vieira\/","title":{"rendered":"Almo\u00e7o do Empres\u00e1rio com Eduardo Eug\u00eanio Gouv\u00eaa Vieira"},"content":{"rendered":"\n<p>A ACRJ promove nesta 2a feira, dia 7 de outubro, o Almo\u00e7o do Empres\u00e1rio com uma homenagem ao presidente da Firjan, Eduardo Eugenio Gouv\u00eaa Vieira. <\/p>\n\n\n\n<p>Ele receber\u00e1 a medalha bicenten\u00e1rio Visconde de Mau\u00e1, a maior honraria concedida pela Associa\u00e7\u00e3o Comercial do RJ.<\/p>\n","protected":false},"excerpt":{"rendered":"<p>A ACRJ promove nesta 2a feira, dia 7 de outubro, o Almo\u00e7o do Empres\u00e1rio com uma homenagem ao presidente da Firjan, Eduardo Eugenio Gouv\u00eaa Vieira.&hellip;<\/p>\n","protected":false},"author":3,"featured_media":31858,"comment_status":"closed","ping_status":"closed","sticky":false,"template":"","format":"standard","meta":{"_exactmetrics_skip_tracking":false,"_exactmetrics_sitenote_active":false,"_exactmetrics_sitenote_note":"","_exactmetrics_sitenote_category":0,"footnotes":""},"categories":[83],"tags":[],"class_list":["post-31852","post","type-post","status-publish","format-standard","has-post-thumbnail","hentry","category-eventos_acrj"],"_links":{"self":[{"href":"https:\/\/acrj.org.br\/index.php\/wp-json\/wp\/v2\/posts\/31852","targetHints":{"allow":["GET"]}}],"collection":[{"href":"https:\/\/acrj.org.br\/index.php\/wp-json\/wp\/v2\/posts"}],"about":[{"href":"https:\/\/acrj.org.br\/index.php\/wp-json\/wp\/v2\/types\/post"}],"author":[{"embeddable":true,"href":"https:\/\/acrj.org.br\/index.php\/wp-json\/wp\/v2\/users\/3"}],"replies":[{"embeddable":true,"href":"https:\/\/acrj.org.br\/index.php\/wp-json\/wp\/v2\/comments?post=31852"}],"version-history":[{"count":0,"href":"https:\/\/acrj.org.br\/index.php\/wp-json\/wp\/v2\/posts\/31852\/revisions"}],"wp:featuredmedia":[{"embeddable":true,"href":"https:\/\/acrj.org.br\/index.php\/wp-json\/wp\/v2\/media\/31858"}],"wp:attachment":[{"href":"https:\/\/acrj.org.br\/index.php\/wp-json\/wp\/v2\/media?parent=31852"}],"wp:term":[{"taxonomy":"category","embeddable":true,"href":"https:\/\/acrj.org.br\/index.php\/wp-json\/wp\/v2\/categories?post=31852"},{"taxonomy":"post_tag","embeddable":true,"href":"https:\/\/acrj.org.br\/index.php\/wp-json\/wp\/v2\/tags?post=31852"}],"curies":[{"name":"wp","href":"https:\/\/api.w.org\/{rel}","templated":true}]}}