{"id":31799,"date":"2024-10-04T09:00:00","date_gmt":"2024-10-04T12:00:00","guid":{"rendered":"https:\/\/acrj.org.br\/?p=31799"},"modified":"2024-11-12T15:43:47","modified_gmt":"2024-11-12T18:43:47","slug":"consul-geral-da-republica-dominicana-participa-da-serie-cafe-com-consul","status":"publish","type":"post","link":"https:\/\/acrj.org.br\/index.php\/2024\/10\/04\/consul-geral-da-republica-dominicana-participa-da-serie-cafe-com-consul\/","title":{"rendered":"C\u00f4nsul-geral da Rep\u00fablica Dominicana participa da s\u00e9rie \u201cCaf\u00e9 com C\u00f4nsul\u201d"},"content":{"rendered":"\n<p>A ACRJ recebe, dia 8 de outubro, \u00e0s 9 horas, o c\u00f4nsul-geral da Rep\u00fablica Dominicana, Roberto Enrique Rubio Cunillera. Ele participa da s\u00e9rie \u201cCaf\u00e9 com C\u00f4nsul\u201d, uma iniciativa do Conselho Empresarial de Rela\u00e7\u00f5es Internacionais e Com\u00e9rcio Exterior da ACRJ.<\/p>\n\n\n\n<p>&#x1f193; O evento \u00e9 gratuito, mediante inscri\u00e7\u00e3o pr\u00e9via.<\/p>\n\n\n\n<p>&#x1f517; <strong><a href=\"https:\/\/forms.gle\/GNyTTjDcQ5Q1XMge9\">Acesse aqui <\/a><\/strong>para se inscrever <\/p>\n\n\n\n<p>SERVI\u00c7O<\/p>\n\n\n\n<p>&#x1f5d3;&#xfe0f; Data: 8\/10\/2024<br>&#x1f552; Hor\u00e1rio: 9 horas<br>&#x1f3e2; Local: Sede da Associa\u00e7\u00e3o Comercial do RJ &#8211; ACRJ &#8211; Rua Candel\u00e1ria, 9\/12\u00ba andar &#8211; Centro &#8211; RJ<br>&#x260e; Informa\u00e7\u00f5es: 2514-1203<\/p>\n\n\n\n<figure class=\"wp-block-image size-large is-resized\"><img fetchpriority=\"high\" decoding=\"async\" width=\"1024\" height=\"993\" src=\"https:\/\/acrj.org.br\/wp-content\/uploads\/2024\/10\/cafe-com-consul-Rep-Dominicana_8_out-1024x993.jpeg\" alt=\"\" class=\"wp-image-31801\" style=\"width:360px\" srcset=\"https:\/\/acrj.org.br\/wp-content\/uploads\/2024\/10\/cafe-com-consul-Rep-Dominicana_8_out-1024x993.jpeg 1024w, https:\/\/acrj.org.br\/wp-content\/uploads\/2024\/10\/cafe-com-consul-Rep-Dominicana_8_out-300x291.jpeg 300w, https:\/\/acrj.org.br\/wp-content\/uploads\/2024\/10\/cafe-com-consul-Rep-Dominicana_8_out-768x745.jpeg 768w, https:\/\/acrj.org.br\/wp-content\/uploads\/2024\/10\/cafe-com-consul-Rep-Dominicana_8_out-1536x1490.jpeg 1536w, https:\/\/acrj.org.br\/wp-content\/uploads\/2024\/10\/cafe-com-consul-Rep-Dominicana_8_out.jpeg 1600w\" sizes=\"(max-width: 1024px) 100vw, 1024px\" \/><\/figure>\n","protected":false},"excerpt":{"rendered":"<p>A ACRJ recebe, dia 8 de outubro, \u00e0s 9 horas, o c\u00f4nsul-geral da Rep\u00fablica Dominicana, Roberto Enrique Rubio Cunillera. Ele participa da s\u00e9rie \u201cCaf\u00e9 com&hellip;<\/p>\n","protected":false},"author":3,"featured_media":31800,"comment_status":"closed","ping_status":"closed","sticky":false,"template":"","format":"standard","meta":{"_exactmetrics_skip_tracking":false,"_exactmetrics_sitenote_active":false,"_exactmetrics_sitenote_note":"","_exactmetrics_sitenote_category":0,"footnotes":""},"categories":[55,83],"tags":[],"class_list":["post-31799","post","type-post","status-publish","format-standard","has-post-thumbnail","hentry","category-destaque_eventos","category-eventos_acrj"],"_links":{"self":[{"href":"https:\/\/acrj.org.br\/index.php\/wp-json\/wp\/v2\/posts\/31799","targetHints":{"allow":["GET"]}}],"collection":[{"href":"https:\/\/acrj.org.br\/index.php\/wp-json\/wp\/v2\/posts"}],"about":[{"href":"https:\/\/acrj.org.br\/index.php\/wp-json\/wp\/v2\/types\/post"}],"author":[{"embeddable":true,"href":"https:\/\/acrj.org.br\/index.php\/wp-json\/wp\/v2\/users\/3"}],"replies":[{"embeddable":true,"href":"https:\/\/acrj.org.br\/index.php\/wp-json\/wp\/v2\/comments?post=31799"}],"version-history":[{"count":0,"href":"https:\/\/acrj.org.br\/index.php\/wp-json\/wp\/v2\/posts\/31799\/revisions"}],"wp:featuredmedia":[{"embeddable":true,"href":"https:\/\/acrj.org.br\/index.php\/wp-json\/wp\/v2\/media\/31800"}],"wp:attachment":[{"href":"https:\/\/acrj.org.br\/index.php\/wp-json\/wp\/v2\/media?parent=31799"}],"wp:term":[{"taxonomy":"category","embeddable":true,"href":"https:\/\/acrj.org.br\/index.php\/wp-json\/wp\/v2\/categories?post=31799"},{"taxonomy":"post_tag","embeddable":true,"href":"https:\/\/acrj.org.br\/index.php\/wp-json\/wp\/v2\/tags?post=31799"}],"curies":[{"name":"wp","href":"https:\/\/api.w.org\/{rel}","templated":true}]}}