{"id":31753,"date":"2024-09-30T20:19:41","date_gmt":"2024-09-30T23:19:41","guid":{"rendered":"https:\/\/acrj.org.br\/?p=31753"},"modified":"2024-10-01T10:48:22","modified_gmt":"2024-10-01T13:48:22","slug":"encontro-com-candidatos-tarcisio-motta-2","status":"publish","type":"post","link":"https:\/\/acrj.org.br\/index.php\/2024\/09\/30\/encontro-com-candidatos-tarcisio-motta-2\/","title":{"rendered":"Encontro com o candidato Tarc\u00edsio Motta"},"content":{"rendered":"\n<p>A ACRJ encerrou, nesta segunda-feira, 30\/9, os Encontros com os Candidatos \u00e0 Prefeitura do Rio, recebendo o candidato Tarc\u00edsio Motta (PSOL).<\/p>\n\n\n\n<p>O encontro foi conduzido pelo presidente da ACRJ, Josier Vilar, que fez perguntas elaboradas pelos Conselhos Empresariais da ACRJ.<\/p>\n\n\n\n<p>Educa\u00e7\u00e3o , planejamento participativo, o futuro do trabalho, empregabilidade foram alguns dos temas abordados pelo candidato.<\/p>\n\n\n\n<p>O encontro na \u00edntegra est\u00e1 dispon\u00edvel no Canal ACRJ Divulga.<\/p>\n\n\n\n<p><strong><a href=\"https:\/\/youtu.be\/x4DTsarQVnI?feature=shared\">Acesse aqui <\/a><\/strong><\/p>\n","protected":false},"excerpt":{"rendered":"<p>A ACRJ encerrou, nesta segunda-feira, 30\/9, os Encontros com os Candidatos \u00e0 Prefeitura do Rio, recebendo o candidato Tarc\u00edsio Motta (PSOL). O encontro foi conduzido&hellip;<\/p>\n","protected":false},"author":3,"featured_media":31754,"comment_status":"closed","ping_status":"closed","sticky":false,"template":"","format":"standard","meta":{"_exactmetrics_skip_tracking":false,"_exactmetrics_sitenote_active":false,"_exactmetrics_sitenote_note":"","_exactmetrics_sitenote_category":0,"footnotes":""},"categories":[6],"tags":[],"class_list":["post-31753","post","type-post","status-publish","format-standard","has-post-thumbnail","hentry","category-destaque_noticias"],"_links":{"self":[{"href":"https:\/\/acrj.org.br\/index.php\/wp-json\/wp\/v2\/posts\/31753","targetHints":{"allow":["GET"]}}],"collection":[{"href":"https:\/\/acrj.org.br\/index.php\/wp-json\/wp\/v2\/posts"}],"about":[{"href":"https:\/\/acrj.org.br\/index.php\/wp-json\/wp\/v2\/types\/post"}],"author":[{"embeddable":true,"href":"https:\/\/acrj.org.br\/index.php\/wp-json\/wp\/v2\/users\/3"}],"replies":[{"embeddable":true,"href":"https:\/\/acrj.org.br\/index.php\/wp-json\/wp\/v2\/comments?post=31753"}],"version-history":[{"count":0,"href":"https:\/\/acrj.org.br\/index.php\/wp-json\/wp\/v2\/posts\/31753\/revisions"}],"wp:featuredmedia":[{"embeddable":true,"href":"https:\/\/acrj.org.br\/index.php\/wp-json\/wp\/v2\/media\/31754"}],"wp:attachment":[{"href":"https:\/\/acrj.org.br\/index.php\/wp-json\/wp\/v2\/media?parent=31753"}],"wp:term":[{"taxonomy":"category","embeddable":true,"href":"https:\/\/acrj.org.br\/index.php\/wp-json\/wp\/v2\/categories?post=31753"},{"taxonomy":"post_tag","embeddable":true,"href":"https:\/\/acrj.org.br\/index.php\/wp-json\/wp\/v2\/tags?post=31753"}],"curies":[{"name":"wp","href":"https:\/\/api.w.org\/{rel}","templated":true}]}}