{"id":31735,"date":"2024-09-30T10:00:00","date_gmt":"2024-09-30T13:00:00","guid":{"rendered":"https:\/\/acrj.org.br\/?p=31735"},"modified":"2024-11-12T15:41:58","modified_gmt":"2024-11-12T18:41:58","slug":"acrj-promove-seminario-sobre-compliance-empresarial","status":"publish","type":"post","link":"https:\/\/acrj.org.br\/index.php\/2024\/09\/30\/acrj-promove-seminario-sobre-compliance-empresarial\/","title":{"rendered":"ACRJ promove Semin\u00e1rio sobre Compliance Empresarial"},"content":{"rendered":"\n<p>A ACRJ promove, dia 4 de outubro, \u00e0s 10h, o semin\u00e1rio <strong>Compliance Empresarial<\/strong>, que abordar\u00e1 os temas: Comunica\u00e7\u00e3o N\u00e3o-Violenta, com Marie B\u00e8ndelac, e Preven\u00e7\u00e3o ao Ass\u00e9dio Moral e Sexual, com Mayara Sant\u2019Anna (Confira a programa\u00e7\u00e3o abaixo).<\/p>\n\n\n\n<p>A iniciativa \u00e9 do Conselho Empresarial de Governan\u00e7a, Compliance e Diversidade da ACRJ.<\/p>\n\n\n\n<p>O encontro \u00e9 <strong>gratuito<\/strong>, mediante inscri\u00e7\u00e3o pr\u00e9via.<\/p>\n\n\n\n<p><a href=\"https:\/\/forms.gle\/mRnajR2MbX8E4fFg9\"><strong>Acesse aqui<\/strong>\u00a0<\/a>para se inscrever \u00a0<\/p>\n\n\n\n<p><strong>SERVI\u00c7O<\/strong><\/p>\n\n\n\n<p><strong>&#x1f5d3;<\/strong> <strong>Data<\/strong>: 04\/10\/2024<\/p>\n\n\n\n<p><strong>&#x1f552; Hor\u00e1rio<\/strong>: 10 horas<\/p>\n\n\n\n<p><strong>&#x1f3e2; Local:<\/strong> Sede da Associa\u00e7\u00e3o Comercial do RJ &#8211; ACRJ &#8211; Rua Candel\u00e1ria, 9\/12\u00ba andar &#8211; Centro &#8211; RJ<\/p>\n\n\n\n<p>&#x260e; <strong>Informa\u00e7\u00f5es<\/strong>: 2514-1203<\/p>\n\n\n\n<figure class=\"wp-block-image size-large is-resized\"><img fetchpriority=\"high\" decoding=\"async\" width=\"882\" height=\"1024\" src=\"https:\/\/acrj.org.br\/wp-content\/uploads\/2024\/09\/reuniao-4_out-1-882x1024.jpeg\" alt=\"\" class=\"wp-image-31740\" style=\"width:360px\" srcset=\"https:\/\/acrj.org.br\/wp-content\/uploads\/2024\/09\/reuniao-4_out-1-882x1024.jpeg 882w, https:\/\/acrj.org.br\/wp-content\/uploads\/2024\/09\/reuniao-4_out-1-258x300.jpeg 258w, https:\/\/acrj.org.br\/wp-content\/uploads\/2024\/09\/reuniao-4_out-1-768x892.jpeg 768w, https:\/\/acrj.org.br\/wp-content\/uploads\/2024\/09\/reuniao-4_out-1-1323x1536.jpeg 1323w, https:\/\/acrj.org.br\/wp-content\/uploads\/2024\/09\/reuniao-4_out-1.jpeg 1378w\" sizes=\"(max-width: 882px) 100vw, 882px\" \/><\/figure>\n\n\n\n<p><\/p>\n","protected":false},"excerpt":{"rendered":"<p>A ACRJ promove, dia 4 de outubro, \u00e0s 10h, o semin\u00e1rio Compliance Empresarial, que abordar\u00e1 os temas: Comunica\u00e7\u00e3o N\u00e3o-Violenta, com Marie B\u00e8ndelac, e Preven\u00e7\u00e3o ao&hellip;<\/p>\n","protected":false},"author":3,"featured_media":31739,"comment_status":"closed","ping_status":"closed","sticky":false,"template":"","format":"standard","meta":{"_exactmetrics_skip_tracking":false,"_exactmetrics_sitenote_active":false,"_exactmetrics_sitenote_note":"","_exactmetrics_sitenote_category":0,"footnotes":""},"categories":[55,83],"tags":[],"class_list":["post-31735","post","type-post","status-publish","format-standard","has-post-thumbnail","hentry","category-destaque_eventos","category-eventos_acrj"],"_links":{"self":[{"href":"https:\/\/acrj.org.br\/index.php\/wp-json\/wp\/v2\/posts\/31735","targetHints":{"allow":["GET"]}}],"collection":[{"href":"https:\/\/acrj.org.br\/index.php\/wp-json\/wp\/v2\/posts"}],"about":[{"href":"https:\/\/acrj.org.br\/index.php\/wp-json\/wp\/v2\/types\/post"}],"author":[{"embeddable":true,"href":"https:\/\/acrj.org.br\/index.php\/wp-json\/wp\/v2\/users\/3"}],"replies":[{"embeddable":true,"href":"https:\/\/acrj.org.br\/index.php\/wp-json\/wp\/v2\/comments?post=31735"}],"version-history":[{"count":0,"href":"https:\/\/acrj.org.br\/index.php\/wp-json\/wp\/v2\/posts\/31735\/revisions"}],"wp:featuredmedia":[{"embeddable":true,"href":"https:\/\/acrj.org.br\/index.php\/wp-json\/wp\/v2\/media\/31739"}],"wp:attachment":[{"href":"https:\/\/acrj.org.br\/index.php\/wp-json\/wp\/v2\/media?parent=31735"}],"wp:term":[{"taxonomy":"category","embeddable":true,"href":"https:\/\/acrj.org.br\/index.php\/wp-json\/wp\/v2\/categories?post=31735"},{"taxonomy":"post_tag","embeddable":true,"href":"https:\/\/acrj.org.br\/index.php\/wp-json\/wp\/v2\/tags?post=31735"}],"curies":[{"name":"wp","href":"https:\/\/api.w.org\/{rel}","templated":true}]}}