{"id":31721,"date":"2024-09-26T12:11:34","date_gmt":"2024-09-26T15:11:34","guid":{"rendered":"https:\/\/acrj.org.br\/?p=31721"},"modified":"2024-09-26T16:38:51","modified_gmt":"2024-09-26T19:38:51","slug":"encontro-com-o-candidato-rodrigo-amorim","status":"publish","type":"post","link":"https:\/\/acrj.org.br\/index.php\/2024\/09\/26\/encontro-com-o-candidato-rodrigo-amorim\/","title":{"rendered":"Encontro com o candidato Rodrigo Amorim"},"content":{"rendered":"\n<p>A ACRJ deu continuidade, nesta quarta-feira, 25\/9, ao <strong>Encontro com os Candidatos \u00e0 Prefeitura do Rio, <\/strong>recebendo o candidato Rodrigo Amorim (Uni\u00e3o Brasil). Ele respondeu perguntas do presidente da ACRJ, Josier Vilar, elaboradas pelos Conselhos Empresariais da ACRJ.<\/p>\n\n\n\n<p>Seguran\u00e7a p\u00fablica e jur\u00eddica, educa\u00e7\u00e3o, parcerias p\u00fablico-privadas foram alguns dos temas abordados pelo candidato.<\/p>\n\n\n\n<p>O encontro na \u00edntegra est\u00e1 dispon\u00edvel no Canal ACRJ Divulga<a href=\"https:\/\/youtu.be\/Gfq86b0rci0\">. <strong>Acesse aqui<\/strong><\/a><\/p>\n\n\n\n<p><\/p>\n","protected":false},"excerpt":{"rendered":"<p>A ACRJ deu continuidade, nesta quarta-feira, 25\/9, ao Encontro com os Candidatos \u00e0 Prefeitura do Rio, recebendo o candidato Rodrigo Amorim (Uni\u00e3o Brasil). Ele respondeu&hellip;<\/p>\n","protected":false},"author":3,"featured_media":31722,"comment_status":"closed","ping_status":"closed","sticky":false,"template":"","format":"standard","meta":{"_exactmetrics_skip_tracking":false,"_exactmetrics_sitenote_active":false,"_exactmetrics_sitenote_note":"","_exactmetrics_sitenote_category":0,"footnotes":""},"categories":[6],"tags":[],"class_list":["post-31721","post","type-post","status-publish","format-standard","has-post-thumbnail","hentry","category-destaque_noticias"],"_links":{"self":[{"href":"https:\/\/acrj.org.br\/index.php\/wp-json\/wp\/v2\/posts\/31721","targetHints":{"allow":["GET"]}}],"collection":[{"href":"https:\/\/acrj.org.br\/index.php\/wp-json\/wp\/v2\/posts"}],"about":[{"href":"https:\/\/acrj.org.br\/index.php\/wp-json\/wp\/v2\/types\/post"}],"author":[{"embeddable":true,"href":"https:\/\/acrj.org.br\/index.php\/wp-json\/wp\/v2\/users\/3"}],"replies":[{"embeddable":true,"href":"https:\/\/acrj.org.br\/index.php\/wp-json\/wp\/v2\/comments?post=31721"}],"version-history":[{"count":0,"href":"https:\/\/acrj.org.br\/index.php\/wp-json\/wp\/v2\/posts\/31721\/revisions"}],"wp:featuredmedia":[{"embeddable":true,"href":"https:\/\/acrj.org.br\/index.php\/wp-json\/wp\/v2\/media\/31722"}],"wp:attachment":[{"href":"https:\/\/acrj.org.br\/index.php\/wp-json\/wp\/v2\/media?parent=31721"}],"wp:term":[{"taxonomy":"category","embeddable":true,"href":"https:\/\/acrj.org.br\/index.php\/wp-json\/wp\/v2\/categories?post=31721"},{"taxonomy":"post_tag","embeddable":true,"href":"https:\/\/acrj.org.br\/index.php\/wp-json\/wp\/v2\/tags?post=31721"}],"curies":[{"name":"wp","href":"https:\/\/api.w.org\/{rel}","templated":true}]}}