{"id":31678,"date":"2024-09-23T13:03:03","date_gmt":"2024-09-23T16:03:03","guid":{"rendered":"https:\/\/acrj.org.br\/?p=31678"},"modified":"2024-10-04T10:18:43","modified_gmt":"2024-10-04T13:18:43","slug":"acrj-promove-debate-sobre-reforma-do-codigo-civil-e-reflexos-nas-atividades-empresariais","status":"publish","type":"post","link":"https:\/\/acrj.org.br\/index.php\/2024\/09\/23\/acrj-promove-debate-sobre-reforma-do-codigo-civil-e-reflexos-nas-atividades-empresariais\/","title":{"rendered":"ACRJ promove debate sobre Reforma do C\u00f3digo Civil e Reflexos nas Atividades Empresariais"},"content":{"rendered":"\n<p>A Associa\u00e7\u00e3o Comercial do Rio de Janeiro promoveu, dia 20\/9, o Congresso \u201cReforma do C\u00f3digo Civil e Reflexos nas Atividades Empresariais\u201d, que debateu a reforma do C\u00f3digo Civil brasileiro. O evento foi uma iniciativa do Conselho Empresarial de Assuntos Jur\u00eddicos e Estrat\u00e9gicos da ACRJ.<\/p>\n\n\n\n<p>O evento contou com importantes especialistas no tema. No painel de <strong>abertura<\/strong>, o ministro do Superior Tribunal de Justi\u00e7a, Marco Aur\u00e9lio Belizze; Josier Vilar, presidente da ACRJ; Laudelino da Costa Mendes Neto, vice-presidente Jur\u00eddico da ACRJ, F\u00e1bio Azevedo, presidente do Conselho Empresarial de Assuntos Jur\u00eddicos e Estrat\u00e9gicos; Rodrigo Verdini, vice-presidente do Conselho; e Mariana Freitas de Souza, Presidente do CBMA.<\/p>\n\n\n\n<p>O Congresso foi dividido em tr\u00eas pain\u00e9is: <strong>Direito Empresarial<\/strong>, com os advogados Ronald Sharp, S\u00e9rgio Campinho e Pedro Palheiro; <strong>Responsabilidade Civil<\/strong>, com o desembargador Werson Rego; o procurador-geral do TCU-RJ, S\u00e9rgio Cavalieri; e o advogado Marcelo Augusto Fichtner Bellizze Oliveira; e por \u00faltimo, <strong>Direito das Obriga\u00e7\u00f5es e Contratos<\/strong>, com o ministro do STJ, Ant\u00f4nio Saldanha Palheiro; o desembargador Marco Aur\u00e9lio Bezerra de Melo; e o advogado Ricardo Loretti Henrici.<\/p>\n\n\n\n<p>Esta reforma vem sendo debatida desde 2023 para atualiza\u00e7\u00e3o do texto em vigor, redigido em 2002. Em abril deste ano, o Senado federal recebeu o anteprojeto do C\u00f3digo Civil elaborado por uma comiss\u00e3o de juristas do STJ (Superior Tribunal de Justi\u00e7a). Atualmente, os senadores est\u00e3o em processo de an\u00e1lise da proposta que ser\u00e1 protocolada como projeto de lei.<\/p>\n\n\n\n<p>&#8220;Foi uma grande oportunidade de ouvir dos especialistas, incluindo o ministro do STJ, Marco Aur\u00e9lio Bellizze, um dos integrantes da Comiss\u00e3o de Juristas que formulou a proposta de reforma, os seus principais impactos na atividade empresarial&#8221;, ressaltou o presidente do Conselho, F\u00e1bio Azevedo.<\/p>\n\n\n\n<p>Confira o debate na \u00edntegra no canal ACRJ Divulga. <strong><a href=\"https:\/\/youtu.be\/4lwlZfkWuDo\">Acesse aqui<\/a><\/strong><\/p>\n\n\n\n<figure class=\"wp-block-image size-large is-resized\"><img fetchpriority=\"high\" decoding=\"async\" width=\"1024\" height=\"682\" src=\"https:\/\/acrj.org.br\/wp-content\/uploads\/2024\/09\/grupo-1024x682.jpg\" alt=\"\" class=\"wp-image-31683\" style=\"width:414px;height:auto\" srcset=\"https:\/\/acrj.org.br\/wp-content\/uploads\/2024\/09\/grupo-1024x682.jpg 1024w, https:\/\/acrj.org.br\/wp-content\/uploads\/2024\/09\/grupo-300x200.jpg 300w, https:\/\/acrj.org.br\/wp-content\/uploads\/2024\/09\/grupo-768x512.jpg 768w, https:\/\/acrj.org.br\/wp-content\/uploads\/2024\/09\/grupo-1536x1024.jpg 1536w, https:\/\/acrj.org.br\/wp-content\/uploads\/2024\/09\/grupo.jpg 1688w\" sizes=\"(max-width: 1024px) 100vw, 1024px\" \/><figcaption class=\"wp-element-caption\">Alguns participantes do Congresso<\/figcaption><\/figure>\n\n\n\n<figure class=\"wp-block-gallery has-nested-images columns-2 is-cropped wp-block-gallery-1 is-layout-flex wp-block-gallery-is-layout-flex\">\n<figure class=\"wp-block-image size-large\"><img decoding=\"async\" width=\"1024\" height=\"682\" data-id=\"31682\" src=\"https:\/\/acrj.org.br\/wp-content\/uploads\/2024\/09\/abertura-2-1024x682.jpg\" alt=\"\" class=\"wp-image-31682\" srcset=\"https:\/\/acrj.org.br\/wp-content\/uploads\/2024\/09\/abertura-2-1024x682.jpg 1024w, https:\/\/acrj.org.br\/wp-content\/uploads\/2024\/09\/abertura-2-300x200.jpg 300w, https:\/\/acrj.org.br\/wp-content\/uploads\/2024\/09\/abertura-2-768x512.jpg 768w, https:\/\/acrj.org.br\/wp-content\/uploads\/2024\/09\/abertura-2-1536x1024.jpg 1536w, https:\/\/acrj.org.br\/wp-content\/uploads\/2024\/09\/abertura-2.jpg 1688w\" sizes=\"(max-width: 1024px) 100vw, 1024px\" \/><figcaption class=\"wp-element-caption\">Abertura<\/figcaption><\/figure>\n\n\n\n<figure class=\"wp-block-image size-large\"><img decoding=\"async\" width=\"1024\" height=\"682\" data-id=\"31684\" src=\"https:\/\/acrj.org.br\/wp-content\/uploads\/2024\/09\/painel-1-1-1024x682.jpg\" alt=\"\" class=\"wp-image-31684\" srcset=\"https:\/\/acrj.org.br\/wp-content\/uploads\/2024\/09\/painel-1-1-1024x682.jpg 1024w, https:\/\/acrj.org.br\/wp-content\/uploads\/2024\/09\/painel-1-1-300x200.jpg 300w, https:\/\/acrj.org.br\/wp-content\/uploads\/2024\/09\/painel-1-1-768x512.jpg 768w, https:\/\/acrj.org.br\/wp-content\/uploads\/2024\/09\/painel-1-1-1536x1024.jpg 1536w, https:\/\/acrj.org.br\/wp-content\/uploads\/2024\/09\/painel-1-1.jpg 1688w\" sizes=\"(max-width: 1024px) 100vw, 1024px\" \/><figcaption class=\"wp-element-caption\">Painel 1<\/figcaption><\/figure>\n\n\n\n<figure class=\"wp-block-image size-large\"><img loading=\"lazy\" decoding=\"async\" width=\"1024\" height=\"682\" data-id=\"31685\" src=\"https:\/\/acrj.org.br\/wp-content\/uploads\/2024\/09\/painel-2-2-1024x682.jpg\" alt=\"\" class=\"wp-image-31685\" srcset=\"https:\/\/acrj.org.br\/wp-content\/uploads\/2024\/09\/painel-2-2-1024x682.jpg 1024w, https:\/\/acrj.org.br\/wp-content\/uploads\/2024\/09\/painel-2-2-300x200.jpg 300w, https:\/\/acrj.org.br\/wp-content\/uploads\/2024\/09\/painel-2-2-768x512.jpg 768w, https:\/\/acrj.org.br\/wp-content\/uploads\/2024\/09\/painel-2-2-1536x1024.jpg 1536w, https:\/\/acrj.org.br\/wp-content\/uploads\/2024\/09\/painel-2-2.jpg 1688w\" sizes=\"(max-width: 1024px) 100vw, 1024px\" \/><figcaption class=\"wp-element-caption\">Painel 2<\/figcaption><\/figure>\n\n\n\n<figure class=\"wp-block-image size-large\"><img loading=\"lazy\" decoding=\"async\" width=\"1024\" height=\"682\" data-id=\"31686\" src=\"https:\/\/acrj.org.br\/wp-content\/uploads\/2024\/09\/painel-3-1024x682.jpg\" alt=\"\" class=\"wp-image-31686\" srcset=\"https:\/\/acrj.org.br\/wp-content\/uploads\/2024\/09\/painel-3-1024x682.jpg 1024w, https:\/\/acrj.org.br\/wp-content\/uploads\/2024\/09\/painel-3-300x200.jpg 300w, https:\/\/acrj.org.br\/wp-content\/uploads\/2024\/09\/painel-3-768x512.jpg 768w, https:\/\/acrj.org.br\/wp-content\/uploads\/2024\/09\/painel-3-1536x1024.jpg 1536w, https:\/\/acrj.org.br\/wp-content\/uploads\/2024\/09\/painel-3.jpg 1688w\" sizes=\"(max-width: 1024px) 100vw, 1024px\" \/><figcaption class=\"wp-element-caption\">Painel 3<\/figcaption><\/figure>\n<\/figure>\n\n\n\n<figure class=\"wp-block-gallery has-nested-images columns-default is-cropped wp-block-gallery-2 is-layout-flex wp-block-gallery-is-layout-flex\"><\/figure>\n","protected":false},"excerpt":{"rendered":"<p>A Associa\u00e7\u00e3o Comercial do Rio de Janeiro promoveu, dia 20\/9, o Congresso \u201cReforma do C\u00f3digo Civil e Reflexos nas Atividades Empresariais\u201d, que debateu a reforma&hellip;<\/p>\n","protected":false},"author":3,"featured_media":31681,"comment_status":"closed","ping_status":"closed","sticky":false,"template":"","format":"standard","meta":{"_exactmetrics_skip_tracking":false,"_exactmetrics_sitenote_active":false,"_exactmetrics_sitenote_note":"","_exactmetrics_sitenote_category":0,"footnotes":""},"categories":[56],"tags":[],"class_list":["post-31678","post","type-post","status-publish","format-standard","has-post-thumbnail","hentry","category-destaque_conselhos"],"_links":{"self":[{"href":"https:\/\/acrj.org.br\/index.php\/wp-json\/wp\/v2\/posts\/31678","targetHints":{"allow":["GET"]}}],"collection":[{"href":"https:\/\/acrj.org.br\/index.php\/wp-json\/wp\/v2\/posts"}],"about":[{"href":"https:\/\/acrj.org.br\/index.php\/wp-json\/wp\/v2\/types\/post"}],"author":[{"embeddable":true,"href":"https:\/\/acrj.org.br\/index.php\/wp-json\/wp\/v2\/users\/3"}],"replies":[{"embeddable":true,"href":"https:\/\/acrj.org.br\/index.php\/wp-json\/wp\/v2\/comments?post=31678"}],"version-history":[{"count":0,"href":"https:\/\/acrj.org.br\/index.php\/wp-json\/wp\/v2\/posts\/31678\/revisions"}],"wp:featuredmedia":[{"embeddable":true,"href":"https:\/\/acrj.org.br\/index.php\/wp-json\/wp\/v2\/media\/31681"}],"wp:attachment":[{"href":"https:\/\/acrj.org.br\/index.php\/wp-json\/wp\/v2\/media?parent=31678"}],"wp:term":[{"taxonomy":"category","embeddable":true,"href":"https:\/\/acrj.org.br\/index.php\/wp-json\/wp\/v2\/categories?post=31678"},{"taxonomy":"post_tag","embeddable":true,"href":"https:\/\/acrj.org.br\/index.php\/wp-json\/wp\/v2\/tags?post=31678"}],"curies":[{"name":"wp","href":"https:\/\/api.w.org\/{rel}","templated":true}]}}