{"id":3159,"date":"2018-08-31T20:38:00","date_gmt":"2018-08-31T23:38:00","guid":{"rendered":"http:\/\/acrj2020.profissional.ws\/?p=3159"},"modified":"2020-03-01T20:40:01","modified_gmt":"2020-03-01T23:40:01","slug":"seguranca-juridica-resgatada","status":"publish","type":"post","link":"https:\/\/acrj.org.br\/index.php\/2018\/08\/31\/seguranca-juridica-resgatada\/","title":{"rendered":"Seguran\u00e7a jur\u00eddica resgatada"},"content":{"rendered":"\n<p>Ap\u00f3s um dos mais longos julgamentos de sua hist\u00f3ria recente, ap\u00f3s 05 sess\u00f5es consecutivas, o Pleno do STF, em votos magistrais dos Ministros Luiz Roberto Barroso e Luiz Fux, acompanhados pelos Ministros Alexandre de Moraes, Dias Toffoli, Gilmar Mendes, Celso de Mello e Carmen L\u00facia, autorizou a terceiriza\u00e7\u00e3o de qualquer atividade empresarial. Com isto, cai por terra o entendimento que vinha norteando a justi\u00e7a do trabalho, que sempre considerou ilegal a contrata\u00e7\u00e3o de trabalhador atrav\u00e9s de empresa interposta, para a atividade fim da contratante.<\/p>\n\n\n\n<p>Tal julgamento se deu em uma ADPF e no recurso extraordin\u00e1rio&nbsp; da Cenibra \u2013 Celulose Nipo Brasileira e beneficia todas as empresas brasileiras, j\u00e1 que, admitido por repercuss\u00e3o geral, a decis\u00e3o afeta todas as a\u00e7\u00f5es em tramite que versem sobre terceiriza\u00e7\u00e3o, independente de quando tiveram in\u00edcio. Ao assim se posicionar, a Suprema Corte fez valer a Constitui\u00e7\u00e3o, na medida em que entendeu que n\u00e3o podia a justi\u00e7a do trabalho considerar ilegal terceiriza\u00e7\u00e3o de atividade fim, j\u00e1 que nunca houve lei alguma que assim definisse.<\/p>\n\n\n\n<p>Isto, por si s\u00f3, gera seguran\u00e7a jur\u00eddica para os empres\u00e1rios e aumenta a confian\u00e7a de investidores, eis que valoriza a livre iniciativa e limita a interven\u00e7\u00e3o na gest\u00e3o das empresas. O resultado pr\u00e1tico, al\u00e9m do fortalecimento da economia, ante a elimina\u00e7\u00e3o do enorme passivo, em potencial, que as milhares de a\u00e7\u00f5es trabalhistas sobre terceiriza\u00e7\u00e3o geram para as empresas, acarretar\u00e1, por certo, o aumento da gera\u00e7\u00e3o de emprego, beneficiando, em particular, o pr\u00f3prio trabalhador. Isto, num momento grave em que a economia do Pa\u00eds padece com mais de 13 milh\u00f5es de desempregados e 37 milh\u00f5es de brasileiros na informalidade.<\/p>\n\n\n\n<p class=\"has-text-align-right has-medium-font-size\"><strong>D\u00e9cio Freire<\/strong><br>Advogado autor do recurso acolhido pelo STF, e Presidente do Conselho Jur\u00eddico e Estrat\u00e9gico da ACRJ<\/p>\n","protected":false},"excerpt":{"rendered":"<p>Ap\u00f3s um dos mais longos julgamentos de sua hist\u00f3ria recente, ap\u00f3s 05 sess\u00f5es consecutivas, o Pleno do STF, em votos magistrais dos Ministros Luiz Roberto&hellip;<\/p>\n","protected":false},"author":1,"featured_media":1435,"comment_status":"closed","ping_status":"open","sticky":false,"template":"","format":"standard","meta":{"_exactmetrics_skip_tracking":false,"_exactmetrics_sitenote_active":false,"_exactmetrics_sitenote_note":"","_exactmetrics_sitenote_category":0,"footnotes":""},"categories":[12],"tags":[],"class_list":["post-3159","post","type-post","status-publish","format-standard","has-post-thumbnail","hentry","category-artigos"],"_links":{"self":[{"href":"https:\/\/acrj.org.br\/index.php\/wp-json\/wp\/v2\/posts\/3159","targetHints":{"allow":["GET"]}}],"collection":[{"href":"https:\/\/acrj.org.br\/index.php\/wp-json\/wp\/v2\/posts"}],"about":[{"href":"https:\/\/acrj.org.br\/index.php\/wp-json\/wp\/v2\/types\/post"}],"author":[{"embeddable":true,"href":"https:\/\/acrj.org.br\/index.php\/wp-json\/wp\/v2\/users\/1"}],"replies":[{"embeddable":true,"href":"https:\/\/acrj.org.br\/index.php\/wp-json\/wp\/v2\/comments?post=3159"}],"version-history":[{"count":0,"href":"https:\/\/acrj.org.br\/index.php\/wp-json\/wp\/v2\/posts\/3159\/revisions"}],"wp:featuredmedia":[{"embeddable":true,"href":"https:\/\/acrj.org.br\/index.php\/wp-json\/wp\/v2\/media\/1435"}],"wp:attachment":[{"href":"https:\/\/acrj.org.br\/index.php\/wp-json\/wp\/v2\/media?parent=3159"}],"wp:term":[{"taxonomy":"category","embeddable":true,"href":"https:\/\/acrj.org.br\/index.php\/wp-json\/wp\/v2\/categories?post=3159"},{"taxonomy":"post_tag","embeddable":true,"href":"https:\/\/acrj.org.br\/index.php\/wp-json\/wp\/v2\/tags?post=3159"}],"curies":[{"name":"wp","href":"https:\/\/api.w.org\/{rel}","templated":true}]}}