{"id":31582,"date":"2024-09-18T12:06:45","date_gmt":"2024-09-18T15:06:45","guid":{"rendered":"https:\/\/acrj.org.br\/?p=31582"},"modified":"2024-09-26T16:40:21","modified_gmt":"2024-09-26T19:40:21","slug":"acrj-e-contra-flexibilizacao-do-limite-operacional-do-santos-dumont","status":"publish","type":"post","link":"https:\/\/acrj.org.br\/index.php\/2024\/09\/18\/acrj-e-contra-flexibilizacao-do-limite-operacional-do-santos-dumont\/","title":{"rendered":"ACRJ \u00e9 contra flexibiliza\u00e7\u00e3o do limite operacional do Aeroporto Santos Dumont"},"content":{"rendered":"\n<p>A Associa\u00e7\u00e3o Comercial do Rio de Janeiro se posiciona de forma contr\u00e1ria em rela\u00e7\u00e3o ao pleito da Secretaria Nacional de Avia\u00e7\u00e3o Civil em solicitar \u00e0 Ag\u00eancia Nacional de Avia\u00e7\u00e3o Civil-ANAC o retorno da flexibiliza\u00e7\u00e3o de voos para o aeroporto Santos Dumont, permitindo que este retome o n\u00famero de 10 milh\u00f5es de passageiros\/ano.<\/p>\n\n\n\n<p>\u201cQue o bom senso prevale\u00e7a e os interesses do Rio, dos seus cidad\u00e3os e dos seus empres\u00e1rios sejam respeitados pela autoridade nacional aeroportu\u00e1ria. O Rio tem pressa em voltar a ser um lugar atrativo e seguro para se viver, trabalhar, empreender, investir e visitar\u201d, afirma o presidente da ACRJ, Josier Vilar.<\/p>\n\n\n\n<p>A ACRJ assinou manifestos juntamente com a Fecom\u00e9rcio e Firjan na defesa de um Gale\u00e3o forte e sustent\u00e1vel economicamente e um Santos Dumont seguro, confort\u00e1vel e em equil\u00edbrio com todo nosso sistema aeroportu\u00e1rio.<\/p>\n\n\n\n<p>Leia as notas na \u00edntegra:<\/p>\n\n\n\n<p><strong><a href=\"https:\/\/acrj.org.br\/index.php\/2024\/09\/18\/o-galeao-nao-pode-dar-marcha-a-re\/\">Artigo Firjan\/ACRJ<\/a><\/strong>       \/\/        <strong><a href=\"https:\/\/acrj.org.br\/wp-content\/uploads\/2024\/09\/NOTA-Fecomercio-RJ-e-ACRJ.pdf\">Nota Fecom\u00e9rcio\/ACRJ<\/a><\/strong><\/p>\n\n\n\n<p><strong><em>REPERCUSS\u00c3O DO ASSUNTO NA M\u00cdDIA<\/em><\/strong><\/p>\n\n\n\n<p><strong><a href=\"https:\/\/www.tupi.fm\/sentinelas\/galeao-nao-pode-dar-marcha-re-afirmam-presidentes-da-acrj-e-firjan-sobre-revitalizacao\/\">R\u00e1dio Tupi<\/a><\/strong><\/p>\n\n\n\n<p><strong><a href=\"https:\/\/diariodoporto.com.br\/firjan-e-acrj-protestam-contra-retrocesso-no-galeao\/\">Di\u00e1rio do Porto<\/a><\/strong><\/p>\n\n\n\n<p><strong><a href=\"https:\/\/economia.uol.com.br\/noticias\/estadao-conteudo\/2024\/09\/18\/firjan-e-acrj-pedem-que-secretaria-de-aviacao-nao-eleve-numero-de-passageiros-no-santos-dumont.htm\">Estad\u00e3o\/UOL<\/a><\/strong><\/p>\n\n\n\n<p><strong><a href=\"https:\/\/istoedinheiro.com.br\/firjan-e-acrj-pedem-que-secretaria-de-aviacao-nao-eleve-numero-de-passageiros-no-santos-dumont\/\">Isto \u00c9 Dinheiro<\/a><\/strong><\/p>\n\n\n\n<p><strong><a href=\"https:\/\/monitormercantil.com.br\/entidades-do-rio-reagem-contra-proposta-de-aumento-de-passageiros-no-santos-dumont\/\">Monitor Mercantil<\/a><\/strong><\/p>\n\n\n\n<p><a href=\"https:\/\/diariodorio.com\/josier-vilar-e-eduardo-eugenio-gouvea-vieira-o-galeao-nao-pode-dar-marcha-re\/\"><strong>Di\u00e1rio do Rio<\/strong><\/a><\/p>\n\n\n\n<p><strong><a href=\"https:\/\/fecomercio-rj.portaldocomercio.org.br\/sistema-comercio\/fecomercio-rj-e-acrj-assinam-nota-conjunta-contra-flexibilizacao-do-limite-operacional-do-santos-dumont\/\">Portal do Com\u00e9rcio<\/a><\/strong><\/p>\n\n\n\n<p><strong><a href=\"https:\/\/www.mercadoeeventos.com.br\/destaque\/slideshow\/fecomercio-rj-e-acrj-assinam-nota-conjunta-contra-flexibilizacao-do-limite-operacional-do-santos-dumont\/\">Mercado e Neg\u00f3cios<\/a><\/strong><\/p>\n\n\n\n<p><strong><a href=\"https:\/\/www.diariocarioca.com\/rio-de-janeiro\/fecomercio-rj-e-acrj-criticam-ampliacao-do-santos-dumont\/\">Di\u00e1rio Carioca<\/a><\/strong><\/p>\n\n\n\n<p><strong><a href=\"https:\/\/www.panrotas.com.br\/aviacao\/aeroportos\/2024\/09\/governo-avalia-aumentar-capacidade-do-santos-dumont-fecomerciorj-e-contra_209455.html\">Panrotas<\/a><\/strong><\/p>\n\n\n\n<p><strong><a href=\"https:\/\/agendadopoder.com.br\/fecomercio-e-associacao-comercial-criticam-plano-de-flexibilizar-o-limite-de-operacoes-no-santos-dumont\/\">Agenda do Poder<\/a><\/strong><\/p>\n\n\n\n<p><strong><a href=\"https:\/\/www.tupi.fm\/sentinelas\/fecomercio-rj-e-acrj-assinam-nota-conjunta-contra-flexibilizacao-do-limite-operacional-do-santos-dumont\/\">R\u00e1dio Tupi<\/a><\/strong><\/p>\n\n\n\n<p><strong><a href=\"https:\/\/www.jornalhorah.com.br\/fecomercio-e-associacao-comercial-criticam-plano-de-flexibilizar-limite-de-operacoes-no-santos-dumont\">Jornal Hora H<\/a><\/strong><\/p>\n\n\n\n<p><strong><a href=\"https:\/\/www.bol.uol.com.br\/noticias\/2024\/09\/18\/firjan-e-acrj-pedem-que-secretaria-de-aviacao-nao-eleve-numero-de-passageiros-no-santos-dumont.htm\">BOL\/UOL<\/a><\/strong><\/p>\n","protected":false},"excerpt":{"rendered":"<p>A Associa\u00e7\u00e3o Comercial do Rio de Janeiro se posiciona de forma contr\u00e1ria em rela\u00e7\u00e3o ao pleito da Secretaria Nacional de Avia\u00e7\u00e3o Civil em solicitar \u00e0&hellip;<\/p>\n","protected":false},"author":3,"featured_media":31583,"comment_status":"closed","ping_status":"closed","sticky":false,"template":"","format":"standard","meta":{"_exactmetrics_skip_tracking":false,"_exactmetrics_sitenote_active":false,"_exactmetrics_sitenote_note":"","_exactmetrics_sitenote_category":0,"footnotes":""},"categories":[6],"tags":[],"class_list":["post-31582","post","type-post","status-publish","format-standard","has-post-thumbnail","hentry","category-destaque_noticias"],"_links":{"self":[{"href":"https:\/\/acrj.org.br\/index.php\/wp-json\/wp\/v2\/posts\/31582","targetHints":{"allow":["GET"]}}],"collection":[{"href":"https:\/\/acrj.org.br\/index.php\/wp-json\/wp\/v2\/posts"}],"about":[{"href":"https:\/\/acrj.org.br\/index.php\/wp-json\/wp\/v2\/types\/post"}],"author":[{"embeddable":true,"href":"https:\/\/acrj.org.br\/index.php\/wp-json\/wp\/v2\/users\/3"}],"replies":[{"embeddable":true,"href":"https:\/\/acrj.org.br\/index.php\/wp-json\/wp\/v2\/comments?post=31582"}],"version-history":[{"count":0,"href":"https:\/\/acrj.org.br\/index.php\/wp-json\/wp\/v2\/posts\/31582\/revisions"}],"wp:featuredmedia":[{"embeddable":true,"href":"https:\/\/acrj.org.br\/index.php\/wp-json\/wp\/v2\/media\/31583"}],"wp:attachment":[{"href":"https:\/\/acrj.org.br\/index.php\/wp-json\/wp\/v2\/media?parent=31582"}],"wp:term":[{"taxonomy":"category","embeddable":true,"href":"https:\/\/acrj.org.br\/index.php\/wp-json\/wp\/v2\/categories?post=31582"},{"taxonomy":"post_tag","embeddable":true,"href":"https:\/\/acrj.org.br\/index.php\/wp-json\/wp\/v2\/tags?post=31582"}],"curies":[{"name":"wp","href":"https:\/\/api.w.org\/{rel}","templated":true}]}}