{"id":3133,"date":"2018-05-22T20:17:00","date_gmt":"2018-05-22T23:17:00","guid":{"rendered":"http:\/\/acrj2020.profissional.ws\/?p=3133"},"modified":"2020-03-01T20:19:37","modified_gmt":"2020-03-01T23:19:37","slug":"bolsonaro-nao-disse-isso","status":"publish","type":"post","link":"https:\/\/acrj.org.br\/index.php\/2018\/05\/22\/bolsonaro-nao-disse-isso\/","title":{"rendered":"Bolsonaro n\u00e3o disse isso"},"content":{"rendered":"\n<p>Juro \/ exercer a fun\u00e7\u00e3o de jornalista \/ assumindo o compromisso \/ com a verdade e a informa\u00e7\u00e3o. \/ Atuarei dentro dos princ\u00edpios universais \/ de justi\u00e7a e democracia, \/ garantindo principalmente \/ o direito do cidad\u00e3o \u00e0 informa\u00e7\u00e3o. \/ Buscarei o aprimoramento \/ das rela\u00e7\u00f5es humanas e sociais, \/ atrav\u00e9s da cr\u00edtica e an\u00e1lise da sociedade, \/ visando um futuro\/ mais digno e mais justo\/ para todos os cidad\u00e3os brasileiros.\/&nbsp;<\/p>\n\n\n\n<p>Sou jornalista e fiz este juramento na ocasi\u00e3o da minha formatura e busco isso incessantemente na minha carreira, independente de atuar ou n\u00e3o com o jornalismo. Entendo que ser um jornalista tendencioso fere um direito primordial na vida de um cidad\u00e3o que \u00e9 de faze-lo chegar \u00e0s suas pr\u00f3prias conclus\u00f5es sobre a informa\u00e7\u00e3o assimilada. Mas seria pedir muito, hoje, que determinados jornalistas deixem seu vi\u00e9s tendencioso e concentrem-se em informar os fatos, como prometeram no juramento?<\/p>\n\n\n\n<p>Nesta segunda, na palestrada ministrada pelo deputado Jair Bolsonaro na Associa\u00e7\u00e3o Comercial do Rio de Janeiro (ACRJ) fiquei muito atenta as palavras (sequer toquei no celular) para n\u00e3o perder os esperados momentos de impacto, \u201caqueles que a imprensa ouve\u201d. Confesso que poderia at\u00e9 dar sono tal era a minha expectativa. O vulgo \u201cBolsomito\u201d falaria sobre racismo, mulheres, armas de fogo e fuzilamento, em odiar a pobreza ou coisas do g\u00eanero. Afinal, o que eu leio, ou\u00e7o e vejo do Bolsonaro \u00e9 isso, certo? Errado. Bolsonaro n\u00e3o falou nada disso, n\u00e3o ofendeu ningu\u00e9m e, de fato, se \u00e9 que podemos considerar isso uma agress\u00e3o, apenas disse que Dilma n\u00e3o entende nada de economia.<\/p>\n\n\n\n<p>O resto, ele n\u00e3o disse.<\/p>\n\n\n\n<p>O que ele disse desde o in\u00edcio, ironicamente, \u00e9 que a imprensa \u201cgosta dele\u201d. Ora, sendo jornalista e na certeza de como atuo com a informa\u00e7\u00e3o, confesso que o in\u00edcio da palestra j\u00e1 havia me deixado irritada. Como assim, agora a culpa \u00e9 da imprensa pelas coisas que ele fala? Mas vamos l\u00e1, deixa o cara falar. Pensei&#8230; E ao final, n\u00e3o somente ele tinha toda a raz\u00e3o, como tamb\u00e9m veio a mim esta necessidade de esclarecer o que ele disse.&nbsp;<\/p>\n\n\n\n<p>Os meios de comunica\u00e7\u00e3o se armaram, mais uma vez, em dar manchetes de impacto, ao estilo \u201cBolsomito\u201d, e se apressaram em dizer sobre o MST: \u201cInvadiu , \u00e9 chumbo\u201d. O contexto das palavras de Bolsonaro n\u00e3o era este. Bolsonaro foi claro ao dizer que os agricultores precisam defender suas terras e que a propriedade privada precisa ser respeitada. Ele est\u00e1 errado? N\u00e3o! Ningu\u00e9m quer que o seu apartamento ou a sua casa sejam invadidos, porque ent\u00e3o tolerariam que as terras fossem invadidas com pessoas armadas com fac\u00f5es, escopetas, crian\u00e7as de escudo e muita viol\u00eancia? Urge parar a hipocrisia de julgar as rea\u00e7\u00f5es e come\u00e7ar a observar as a\u00e7\u00f5es! Se estes grupos n\u00e3o entram com chumbo, n\u00e3o ter\u00e3o chumbo! Se negociam e buscam a legitimidade das suas a\u00e7\u00f5es por meio da lei, n\u00e3o ter\u00e3o chumbo! O que de fato Bolsonaro est\u00e1 dizendo por a\u00ed \u00e9 que a propriedade privada precisa e deve ser respeitada!&nbsp;<\/p>\n\n\n\n<p>Ressaltaram que Bolsonaro acenou com a libera\u00e7\u00e3o de jogos de azar no Brasil. Bolsonaro foi claro ao ser totalmente contra ca\u00e7a-n\u00edqueis, mas que n\u00e3o tem opini\u00e3o formada sobre cassinos e, ainda, ressaltou que delegaria esta decis\u00e3o aos Estados caso fosse convencido, o que ainda n\u00e3o estava, sobre o tema!&nbsp;<\/p>\n\n\n\n<p>Foram contundentes ao dizer que o Deputado Jair Bolsonaro iria propor \u201cleis que beirassem a informalidade contra o desemprego\u201d. Lendo este t\u00edtulo parece que Bolsonaro vai provocar uma anarquia trabalhista. Mas Bolsonaro disse apenas que prefere mais empregos e menos direitos do que muitos direitos e esse desemprego assolando o pa\u00eds!&nbsp; O que est\u00e1 de errado? Me diz!&nbsp; \u00c9 preciso pensar que milh\u00f5es de brasileiros n\u00e3o conseguem perguntar qual \u00e9 a ceia porque est\u00e3o pedindo migalhas para o caf\u00e9 da manh\u00e3!&nbsp;<\/p>\n\n\n\n<p>A outra manchete \u00e9 que o Bolsonaro ironizou Alckmin \u201cpor prometer porte de arma a agricultores\u201d. Ele n\u00e3o ironizou! Ele parabenizou a mudan\u00e7a de postura porque Alckmin havia dito que daria tratores para os agricultores se defenderem, isso sim ironizado pelo pr\u00e9-candidato.<\/p>\n\n\n\n<p>Na minha condi\u00e7\u00e3o de jornalista que n\u00e3o atua em meio de comunica\u00e7\u00e3o algum, tor\u00e7o que o juramento do jornalista perdure na carreira de todos os que assumiram o dever de informar, e por ser uma cidad\u00e3 brasileira atenta a conhecer os candidatos para dar ou n\u00e3o o meu voto, sinto-me na obriga\u00e7\u00e3o de esclarecer e mostrar a verdade, somente a verdade, para que a popula\u00e7\u00e3o tenha a informa\u00e7\u00e3o exata e, dessa forma, tenha a liberdade genu\u00edna de concordar ou n\u00e3o com o que de fato Jair Bolsonaro falou e n\u00e3o com o que parte da imprensa disse que escutou.&nbsp;<\/p>\n\n\n\n<p class=\"has-text-align-right has-medium-font-size\"><strong>Fabiana Bentes<\/strong><br>Jornalista e VP do Conselho Empresarial de Esportes da ACRJ<\/p>\n\n\n\n<p>Para conferir o que foi dito pelo pr\u00e9-candidato \u00e0 Presid\u00eancia da Rep\u00fablica, deputado federal Jair Bolsonaro,&nbsp;<a href=\"https:\/\/www.youtube.com\/watch?v=x8NECc2GFw8\" target=\"_blank\" rel=\"noreferrer noopener\">clique aqui para assistir a palestra na \u00edntegra<\/a>.<\/p>\n\n\n\n<p><strong>Os artigos publicados neste site s\u00e3o de inteira responsabilidade de seus autores. As opini\u00f5es neles emitidas n\u00e3o expressam necessariamente o ponto de vista da Associa\u00e7\u00e3o Comercial do Rio de Janeiro.&nbsp;<\/strong><\/p>\n","protected":false},"excerpt":{"rendered":"<p>Juro \/ exercer a fun\u00e7\u00e3o de jornalista \/ assumindo o compromisso \/ com a verdade e a informa\u00e7\u00e3o. \/ Atuarei dentro dos princ\u00edpios universais \/&hellip;<\/p>\n","protected":false},"author":1,"featured_media":1439,"comment_status":"closed","ping_status":"open","sticky":false,"template":"","format":"standard","meta":{"_exactmetrics_skip_tracking":false,"_exactmetrics_sitenote_active":false,"_exactmetrics_sitenote_note":"","_exactmetrics_sitenote_category":0,"footnotes":""},"categories":[12],"tags":[],"class_list":["post-3133","post","type-post","status-publish","format-standard","has-post-thumbnail","hentry","category-artigos"],"_links":{"self":[{"href":"https:\/\/acrj.org.br\/index.php\/wp-json\/wp\/v2\/posts\/3133","targetHints":{"allow":["GET"]}}],"collection":[{"href":"https:\/\/acrj.org.br\/index.php\/wp-json\/wp\/v2\/posts"}],"about":[{"href":"https:\/\/acrj.org.br\/index.php\/wp-json\/wp\/v2\/types\/post"}],"author":[{"embeddable":true,"href":"https:\/\/acrj.org.br\/index.php\/wp-json\/wp\/v2\/users\/1"}],"replies":[{"embeddable":true,"href":"https:\/\/acrj.org.br\/index.php\/wp-json\/wp\/v2\/comments?post=3133"}],"version-history":[{"count":0,"href":"https:\/\/acrj.org.br\/index.php\/wp-json\/wp\/v2\/posts\/3133\/revisions"}],"wp:featuredmedia":[{"embeddable":true,"href":"https:\/\/acrj.org.br\/index.php\/wp-json\/wp\/v2\/media\/1439"}],"wp:attachment":[{"href":"https:\/\/acrj.org.br\/index.php\/wp-json\/wp\/v2\/media?parent=3133"}],"wp:term":[{"taxonomy":"category","embeddable":true,"href":"https:\/\/acrj.org.br\/index.php\/wp-json\/wp\/v2\/categories?post=3133"},{"taxonomy":"post_tag","embeddable":true,"href":"https:\/\/acrj.org.br\/index.php\/wp-json\/wp\/v2\/tags?post=3133"}],"curies":[{"name":"wp","href":"https:\/\/api.w.org\/{rel}","templated":true}]}}