{"id":3116,"date":"2018-03-12T20:04:00","date_gmt":"2018-03-12T23:04:00","guid":{"rendered":"http:\/\/acrj2020.profissional.ws\/?p=3116"},"modified":"2020-03-01T20:06:06","modified_gmt":"2020-03-01T23:06:06","slug":"cultura-e-globalizacao","status":"publish","type":"post","link":"https:\/\/acrj.org.br\/index.php\/2018\/03\/12\/cultura-e-globalizacao\/","title":{"rendered":"Cultura e Globaliza\u00e7\u00e3o"},"content":{"rendered":"\n<p>Todos sabemos, que o desenvolvimento de qualquer sociedade tem em si mesmo a propor\u00e7\u00e3o dos problemas da humanidade em seu inesgot\u00e1vel processo de transforma\u00e7\u00e3o criadora. A sociedade em que vivemos sente a perplexidade de um momento de grandes mudan\u00e7as estruturais. O que todos pressentimos \u00e9 a exaust\u00e3o de solu\u00e7\u00f5es institucionais que n\u00e3o descobrem outros horizontes al\u00e9m da aflu\u00eancia. Mais que tudo, sentimos a incapacidade que os avan\u00e7os da ci\u00eancia e da t\u00e9cnica revelaram para construir a felicidade do homem.<\/p>\n\n\n\n<p>Na verdade, o dom\u00ednio do mundo pelo capitalismo, exacerbado pela globaliza\u00e7\u00e3o, que ganha terreno todos os dias, quantas vezes sorrateiramente, somente pode encontrar freio se voltarmos \u00e0s origens do humano, isto \u00e9, se fizermos um retorno \u00e0 natureza criadora do homem, geradora de cultura, cria\u00e7\u00e3o do esp\u00edrito.<\/p>\n\n\n\n<p>Fazer cultura \u00e9 aumentar os espa\u00e7os para a humaniza\u00e7\u00e3o das sociedades, permitindo que a manifesta\u00e7\u00e3o cultural seja a express\u00e3o da liberdade da pessoa humana, sem o que ser\u00e1 imposs\u00edvel crescer qualitativamente. Crescer qualitativamente quer dizer avan\u00e7ar com padr\u00e3o de vida sadio e suficiente para que todos os homens tenham a possibilidade de viver dignamente.<\/p>\n\n\n\n<p>Os estados organizados desse alvorecer do novo s\u00e9culo n\u00e3o podem esquecer-se de acalentar, ademais do crescimento econ\u00f4mico, com prosperidade num\u00e9rica, a esperan\u00e7a de abrir as portas de um indicador que a globaliza\u00e7\u00e3o, at\u00e9 agora, n\u00e3o tem apresentado. Refiro-me ao \u00edndice de desenvolvimento da felicidade do homem como suporte para o \u00eaxito dos investimentos que geram a riqueza material. O que podemos testemunhar \u00e9 que uma sociedade n\u00e3o sobrevive com n\u00edveis razo\u00e1veis de felicidade se for organizada com crit\u00e9rios puramente t\u00e9cnicos ou cient\u00edficos. \u00c9 poss\u00edvel, neste campo, ir mais al\u00e9m. Uma sociedade que permita e estimule a realiza\u00e7\u00e3o do homem como pessoa deve, antes de tudo, valorizar os sentimentos e fomentar aspira\u00e7\u00f5es.<\/p>\n\n\n\n<p>O Estado, j\u00e1 sabemos essa li\u00e7\u00e3o de outros tempos, n\u00e3o pode substituir-se aos criadores de cultura, mas, sem sombra de d\u00favidas, cabe-lhe criar condi\u00e7\u00f5es adequadas para a produ\u00e7\u00e3o da cultura em todos os setores. E isso \u00e9 poss\u00edvel quando se compreende adequadamente o papel da diversidade, teimosa, que n\u00e3o aceita nenhum tipo de padroniza\u00e7\u00e3o porque tal representa o dom\u00ednio de uma cultura sobre a outra, um regime de depend\u00eancia que \u00e9 incompat\u00edvel com a natureza livre do ser. Valorizar o ambiente cultural \u00e9 valorizar a na\u00e7\u00e3o. \u00c9 o passo essencial, para redimensionar o nosso tempo hist\u00f3rico, repensar os valores sociais, e reconquistar a plenitude de uma exist\u00eancia digna.<\/p>\n\n\n\n<p>Somente a cultura pode impedir, pela consci\u00eancia que faculta aos homens, que a sociedade caminhe para as sombras do grande irm\u00e3o de Orwell, que, amea\u00e7ador \u00e9 capaz de a tudo controlar. A cultura \u00e9 a insubordina\u00e7\u00e3o contra qualquer ataque \u00e0 liberdade do ser, e, portanto, contra qualquer tipo de domina\u00e7\u00e3o que n\u00e3o seja aquela da cidadania, com respeito ao direito de todos os homens e de cada um, nos limites m\u00e1ximos de sua ascens\u00e3o na sociedade em que vive.<\/p>\n\n\n\n<p class=\"has-text-align-right has-medium-font-size\"><strong>Paulo Roberto Direito<\/strong><br>Economista, Diretor da Radice Produ\u00e7\u00f5es e Membro do Conselho de Atividades Culturais da ACRJ<\/p>\n","protected":false},"excerpt":{"rendered":"<p>Todos sabemos, que o desenvolvimento de qualquer sociedade tem em si mesmo a propor\u00e7\u00e3o dos problemas da humanidade em seu inesgot\u00e1vel processo de transforma\u00e7\u00e3o criadora.&hellip;<\/p>\n","protected":false},"author":1,"featured_media":3117,"comment_status":"closed","ping_status":"open","sticky":false,"template":"","format":"standard","meta":{"_exactmetrics_skip_tracking":false,"_exactmetrics_sitenote_active":false,"_exactmetrics_sitenote_note":"","_exactmetrics_sitenote_category":0,"footnotes":""},"categories":[12],"tags":[],"class_list":["post-3116","post","type-post","status-publish","format-standard","has-post-thumbnail","hentry","category-artigos"],"_links":{"self":[{"href":"https:\/\/acrj.org.br\/index.php\/wp-json\/wp\/v2\/posts\/3116","targetHints":{"allow":["GET"]}}],"collection":[{"href":"https:\/\/acrj.org.br\/index.php\/wp-json\/wp\/v2\/posts"}],"about":[{"href":"https:\/\/acrj.org.br\/index.php\/wp-json\/wp\/v2\/types\/post"}],"author":[{"embeddable":true,"href":"https:\/\/acrj.org.br\/index.php\/wp-json\/wp\/v2\/users\/1"}],"replies":[{"embeddable":true,"href":"https:\/\/acrj.org.br\/index.php\/wp-json\/wp\/v2\/comments?post=3116"}],"version-history":[{"count":0,"href":"https:\/\/acrj.org.br\/index.php\/wp-json\/wp\/v2\/posts\/3116\/revisions"}],"wp:featuredmedia":[{"embeddable":true,"href":"https:\/\/acrj.org.br\/index.php\/wp-json\/wp\/v2\/media\/3117"}],"wp:attachment":[{"href":"https:\/\/acrj.org.br\/index.php\/wp-json\/wp\/v2\/media?parent=3116"}],"wp:term":[{"taxonomy":"category","embeddable":true,"href":"https:\/\/acrj.org.br\/index.php\/wp-json\/wp\/v2\/categories?post=3116"},{"taxonomy":"post_tag","embeddable":true,"href":"https:\/\/acrj.org.br\/index.php\/wp-json\/wp\/v2\/tags?post=3116"}],"curies":[{"name":"wp","href":"https:\/\/api.w.org\/{rel}","templated":true}]}}