{"id":3101,"date":"2018-01-22T19:54:00","date_gmt":"2018-01-22T21:54:00","guid":{"rendered":"http:\/\/acrj2020.profissional.ws\/?p=3101"},"modified":"2021-01-28T10:51:11","modified_gmt":"2021-01-28T13:51:11","slug":"o-pais-do-desperdicio","status":"publish","type":"post","link":"https:\/\/acrj.org.br\/index.php\/2018\/01\/22\/o-pais-do-desperdicio\/","title":{"rendered":"O pa\u00eds do desperd\u00edcio"},"content":{"rendered":"\n<p>O Brasil \u00e9 um pa\u00eds aben\u00e7oado pela natureza. \u00c9 situado no interior de uma placa tect\u00f4nica, sem a amea\u00e7a constante de terremotos, n\u00e3o sujeito a temperaturas extremamente baixas nem a tornados, fatores estes que obrigam muitos pa\u00edses a gastos significativos de reconstru\u00e7\u00e3o e de recupera\u00e7\u00e3o da popula\u00e7\u00e3o ferida, sem contar as irrepar\u00e1veis mortes ocasionadas.<\/p>\n\n\n\n<p>No entanto, o Brasil menospreza essa ben\u00e7\u00e3o. Chuvas mais persistentes e ventanias fortes que seriam consideradas brisas para os habitantes do corredor de tuf\u00f5es do Caribe imp\u00f5em tamb\u00e9m custos significativos ao pa\u00eds, devido ao desleixo dos pol\u00edticos e agentes p\u00fablicos. Desleixo traduzido na falta de dragagem das calhas dos rios conhecidamente problem\u00e1ticos, na deficiente drenagem das vias pluviais das cidades, na aus\u00eancia de manuten\u00e7\u00e3o das encostas, bem como no estelionato eleitoral perpetrado por aqueles que viabilizam a moradia da parcela mais indefesa da popula\u00e7\u00e3o em \u00e1reas de risco. Pol\u00edtico brasileiro enjeita as palavras \u201cmanuten\u00e7\u00e3o\u201d e \u201cpreven\u00e7\u00e3o\u201d, preferindo \u201cinaugura\u00e7\u00e3o\u201d com solenidades, placas de bronze e propaganda eleitoral.<\/p>\n\n\n\n<p>Todos os anos ocorrem cat\u00e1strofes evit\u00e1veis, com danos materiais, desalojados, mortos e feridos, um sofrimento imposto principalmente \u00e0 popula\u00e7\u00e3o mais vulner\u00e1vel do pa\u00eds. Recursos antes destinados \u00e0 melhoria efetiva das condi\u00e7\u00f5es de vida da popula\u00e7\u00e3o acabam sendo realocados na reconstru\u00e7\u00e3o de im\u00f3veis e equipamentos p\u00fablicos destru\u00eddos, na realoca\u00e7\u00e3o de desalojados, em atendimentos m\u00e9dicos e psicol\u00f3gicos. Em muitos casos tais recursos s\u00e3o tragados pela corrup\u00e7\u00e3o. As unidades de atendimento n\u00e3o est\u00e3o preparadas para esse afluxo anormal. &nbsp;Absente\u00edsmo ao trabalho e \u00e0 escola, atrasos, desaten\u00e7\u00e3o nas atividades laborais e de estudo, tudo desemboca no desperd\u00edcio de recursos f\u00edsicos e de potencial humano, t\u00e3o importantes num pa\u00eds que pretende se desenvolver, ou de pelo menos sair da armadilha da renda m\u00e9dia na qual nos encontramos. Tal situa\u00e7\u00e3o piora ainda mais a disparidade de renda e de oportunidades.<\/p>\n\n\n\n<p>Ao inv\u00e9s de revolta, percebe-se o desalento e a resigna\u00e7\u00e3o da maioria da popula\u00e7\u00e3o afetada, atrav\u00e9s das entrevistas da m\u00eddia que cobre os desastres. Trata-se de um problema cultural. Um pouco de indigna\u00e7\u00e3o j\u00e1 seria positivo. Por outro lado, n\u00e3o h\u00e1 puni\u00e7\u00e3o dos respons\u00e1veis, parte devido ao nosso sistema jur\u00eddico, parte pela cultura do \u201cmais ou menos\u201d, do \u201cdeixa disso\u201d e pela \u201cs\u00edndrome da compadecida\u201d. Raros s\u00e3o os pol\u00edticos que v\u00eam em defesa dos prejudicados, contra os desmandos de seus colegas desonestos.&nbsp; &nbsp;<\/p>\n\n\n\n<p>O custo total dessa nossa incompet\u00eancia para o pa\u00eds \u00e9 significativamente superior ao das obras de manuten\u00e7\u00e3o, preven\u00e7\u00e3o, fiscaliza\u00e7\u00e3o e de conscientiza\u00e7\u00e3o da popula\u00e7\u00e3o carente sobre seu direito a a\u00e7\u00f5es construtivas e competentes do poder p\u00fablico. Se nada mudar seremos sempre o pa\u00eds do desperd\u00edcio que carrega \u00e1gua em cestos.&nbsp;<\/p>\n\n\n\n<p class=\"has-text-align-right has-medium-font-size\"><strong>Fernando Cariola Travassos<\/strong><br>Diretor e Conselheiro da Associa\u00e7\u00e3o Comercial do Rio de Janeiro<br>Engenheiro e Doutor e Economia-USP<\/p>\n\n\n\n<p><strong>Publicado no Jornal O Globo &#8211; 22\/01\/2018<\/strong><br><a href=\"https:\/\/oglobo.globo.com\/opiniao\/o-pais-do-desperdicio-22309005\" target=\"_blank\" rel=\"noreferrer noopener\">Clique aqui para ler o artigo na \u00edntegra<\/a><\/p>\n","protected":false},"excerpt":{"rendered":"<p>O Brasil \u00e9 um pa\u00eds aben\u00e7oado pela natureza. \u00c9 situado no interior de uma placa tect\u00f4nica, sem a amea\u00e7a constante de terremotos, n\u00e3o sujeito a&hellip;<\/p>\n","protected":false},"author":1,"featured_media":3102,"comment_status":"closed","ping_status":"closed","sticky":false,"template":"","format":"standard","meta":{"_exactmetrics_skip_tracking":false,"_exactmetrics_sitenote_active":false,"_exactmetrics_sitenote_note":"","_exactmetrics_sitenote_category":0,"footnotes":""},"categories":[12],"tags":[],"class_list":["post-3101","post","type-post","status-publish","format-standard","has-post-thumbnail","hentry","category-artigos"],"_links":{"self":[{"href":"https:\/\/acrj.org.br\/index.php\/wp-json\/wp\/v2\/posts\/3101","targetHints":{"allow":["GET"]}}],"collection":[{"href":"https:\/\/acrj.org.br\/index.php\/wp-json\/wp\/v2\/posts"}],"about":[{"href":"https:\/\/acrj.org.br\/index.php\/wp-json\/wp\/v2\/types\/post"}],"author":[{"embeddable":true,"href":"https:\/\/acrj.org.br\/index.php\/wp-json\/wp\/v2\/users\/1"}],"replies":[{"embeddable":true,"href":"https:\/\/acrj.org.br\/index.php\/wp-json\/wp\/v2\/comments?post=3101"}],"version-history":[{"count":0,"href":"https:\/\/acrj.org.br\/index.php\/wp-json\/wp\/v2\/posts\/3101\/revisions"}],"wp:featuredmedia":[{"embeddable":true,"href":"https:\/\/acrj.org.br\/index.php\/wp-json\/wp\/v2\/media\/3102"}],"wp:attachment":[{"href":"https:\/\/acrj.org.br\/index.php\/wp-json\/wp\/v2\/media?parent=3101"}],"wp:term":[{"taxonomy":"category","embeddable":true,"href":"https:\/\/acrj.org.br\/index.php\/wp-json\/wp\/v2\/categories?post=3101"},{"taxonomy":"post_tag","embeddable":true,"href":"https:\/\/acrj.org.br\/index.php\/wp-json\/wp\/v2\/tags?post=3101"}],"curies":[{"name":"wp","href":"https:\/\/api.w.org\/{rel}","templated":true}]}}