{"id":30910,"date":"2024-09-09T22:11:16","date_gmt":"2024-09-10T01:11:16","guid":{"rendered":"https:\/\/acrj.org.br\/?p=30910"},"modified":"2024-11-12T15:42:56","modified_gmt":"2024-11-12T18:42:56","slug":"encontro-com-candidatos","status":"publish","type":"post","link":"https:\/\/acrj.org.br\/index.php\/2024\/09\/09\/encontro-com-candidatos\/","title":{"rendered":"ENCONTRO COM CANDIDATOS: Eduardo Paes"},"content":{"rendered":"\n<p>A ACRJ d\u00e1 in\u00edcio ao <em>Encontro com os Candidatos \u00e0 Prefeitura do Rio<\/em>. O primeiro a participar \u00e9 Eduardo Paes (PSD), dia 13 de setembro (6\u00aa f.), \u00e0s 11h. Ele apresentar\u00e1 seu Plano de Governo e responder\u00e1 perguntas elaboradas pelos Conselhos Empresariais da ACRJ.<\/p>\n\n\n\n<p>&#x1f193; O encontro \u00e9 <em>gratuito<\/em>, mediante inscri\u00e7\u00e3o pr\u00e9via.<\/p>\n\n\n\n<p>&#x1f4f2; <em><strong><a href=\"https:\/\/forms.gle\/zMxRqcbxjsVkgvMJ9\">Acesse aqu<\/a>i<\/strong> para se inscrever<\/em><\/p>\n\n\n\n<p><em><strong>SERVI\u00c7O<\/strong><\/em><\/p>\n\n\n\n<p>&#x1f5d3; Data: 13\/9\/2024<br>&#x1f552; Hor\u00e1rio: 11 horas<br>&#x1f3e2; Local: Sede da Associa\u00e7\u00e3o Comercial do RJ &#8211; ACRJ &#8211; Rua Candel\u00e1ria, 9\/12\u00ba andar &#8211; Centro &#8211; RJ<br>&#x260e; Informa\u00e7\u00f5es: 2514-1206\/80<\/p>\n","protected":false},"excerpt":{"rendered":"<p>A ACRJ d\u00e1 in\u00edcio ao Encontro com os Candidatos \u00e0 Prefeitura do Rio. O primeiro a participar \u00e9 Eduardo Paes (PSD), dia 13 de setembro&hellip;<\/p>\n","protected":false},"author":3,"featured_media":30920,"comment_status":"closed","ping_status":"closed","sticky":false,"template":"","format":"standard","meta":{"_exactmetrics_skip_tracking":false,"_exactmetrics_sitenote_active":false,"_exactmetrics_sitenote_note":"","_exactmetrics_sitenote_category":0,"footnotes":""},"categories":[55,83],"tags":[],"class_list":["post-30910","post","type-post","status-publish","format-standard","has-post-thumbnail","hentry","category-destaque_eventos","category-eventos_acrj"],"_links":{"self":[{"href":"https:\/\/acrj.org.br\/index.php\/wp-json\/wp\/v2\/posts\/30910","targetHints":{"allow":["GET"]}}],"collection":[{"href":"https:\/\/acrj.org.br\/index.php\/wp-json\/wp\/v2\/posts"}],"about":[{"href":"https:\/\/acrj.org.br\/index.php\/wp-json\/wp\/v2\/types\/post"}],"author":[{"embeddable":true,"href":"https:\/\/acrj.org.br\/index.php\/wp-json\/wp\/v2\/users\/3"}],"replies":[{"embeddable":true,"href":"https:\/\/acrj.org.br\/index.php\/wp-json\/wp\/v2\/comments?post=30910"}],"version-history":[{"count":0,"href":"https:\/\/acrj.org.br\/index.php\/wp-json\/wp\/v2\/posts\/30910\/revisions"}],"wp:featuredmedia":[{"embeddable":true,"href":"https:\/\/acrj.org.br\/index.php\/wp-json\/wp\/v2\/media\/30920"}],"wp:attachment":[{"href":"https:\/\/acrj.org.br\/index.php\/wp-json\/wp\/v2\/media?parent=30910"}],"wp:term":[{"taxonomy":"category","embeddable":true,"href":"https:\/\/acrj.org.br\/index.php\/wp-json\/wp\/v2\/categories?post=30910"},{"taxonomy":"post_tag","embeddable":true,"href":"https:\/\/acrj.org.br\/index.php\/wp-json\/wp\/v2\/tags?post=30910"}],"curies":[{"name":"wp","href":"https:\/\/api.w.org\/{rel}","templated":true}]}}