{"id":3087,"date":"2017-12-13T19:45:00","date_gmt":"2017-12-13T21:45:00","guid":{"rendered":"http:\/\/acrj2020.profissional.ws\/?p=3087"},"modified":"2021-01-28T10:52:07","modified_gmt":"2021-01-28T13:52:07","slug":"reforma-da-previdencia-uma-necessidade-urgente","status":"publish","type":"post","link":"https:\/\/acrj.org.br\/index.php\/2017\/12\/13\/reforma-da-previdencia-uma-necessidade-urgente\/","title":{"rendered":"Reforma da Previd\u00eancia, uma necessidade urgente"},"content":{"rendered":"\n<p>\u00c9 com imensa preocupa\u00e7\u00e3o que a Associa\u00e7\u00e3o Comercial do Rio de Janeiro v\u00ea os impasses na trajet\u00f3ria da necess\u00e1ria Reforma da Previd\u00eancia, que \u00e9 uma medida que precisa ser urgentemente implementada, mas vem enfrentando dificuldades para ser votada, principalmente por conta de movimentos contr\u00e1rios \u00e0 Reforma \u2013 que parecem estar presos no tempo.<\/p>\n\n\n\n<p>H\u00e1 uma sensa\u00e7\u00e3o de que aqueles que se op\u00f5em \u00e0 Reforma, pretendem se insurgir contra a lei da gravidade.<\/p>\n\n\n\n<p>H\u00e1 fatos incontestes que se sobrep\u00f5em \u00e0s discuss\u00f5es ideol\u00f3gicas.<\/p>\n\n\n\n<p>A popula\u00e7\u00e3o envelheceu, as pessoas vivem mais tempo, a base de contribuintes foi reduzida em rela\u00e7\u00e3o aos benef\u00edcios pagos, h\u00e1 um d\u00e9ficit &#8211; enorme &#8211; no or\u00e7amento da previd\u00eancia, independentemente do nome que se d\u00ea \u00e0 rubrica.<\/p>\n\n\n\n<p>At\u00e9 quando o populismo vai se recusar a enxergar a realidade?<\/p>\n\n\n\n<p>As experi\u00eancias socialistas, no item previd\u00eancia, levaram pa\u00edses como a Espanha e a Gr\u00e9cia a graves impasses.<\/p>\n\n\n\n<p>A Argentina precisou cortar pela metade as aposentadorias e pens\u00f5es de um m\u00eas para o outro, al\u00e9m de estatizar as poupan\u00e7as da previd\u00eancia privada.<\/p>\n\n\n\n<p>As elei\u00e7\u00f5es do pr\u00f3ximo ano n\u00e3o podem servir de desculpa para que o Congresso se omita em rela\u00e7\u00e3o a este grave problema, que pode contaminar irreversivelmente a economia brasileira.<\/p>\n\n\n\n<p>Algu\u00e9m tem d\u00favida de que a idade m\u00ednima e acima da atual \u00e9 necess\u00e1ria? A transi\u00e7\u00e3o para que a aposentadoria migre para uma individualiza\u00e7\u00e3o das contas do trabalhador, como uma poupan\u00e7a ao longo da vida laboral \u00e9 imprescind\u00edvel tamb\u00e9m, saindo do regime de participa\u00e7\u00e3o para um regime de capitaliza\u00e7\u00e3o.<\/p>\n\n\n\n<p>Assim, ainda que aqu\u00e9m da ideal, a Reforma da Previd\u00eancia precisa ser implementada o mais r\u00e1pido poss\u00edvel, sob pena de experimentarmos o agravamento da crise. O gr\u00e1fico abaixo ilustra bem os cen\u00e1rios poss\u00edveis diante desse impasse.<\/p>\n\n\n\n<p>N\u00e3o cabe, ainda, alegar que a Reforma est\u00e1 sendo conduzida sem o devido debate com a sociedade civil. Na verdade, o debate j\u00e1 vem ocorrendo h\u00e1 d\u00e9cadas, uma vez que j\u00e1 n\u00e3o \u00e9 de agora que o alerta da eminente quebra da Previd\u00eancia foi feito. Estudo do IPEA datado de 1994 j\u00e1 ressaltava a necessidade de modificar o regime previdenci\u00e1rio.<\/p>\n\n\n\n<p>Quem estuda a economia e a previd\u00eancia, sem sofismas ou travas ideol\u00f3gicas, sabe da gravidade do assunto. A omiss\u00e3o \u00e9 um ato grave.<\/p>\n\n\n\n<p>A Associa\u00e7\u00e3o Comercial, sempre comprometida com o desenvolvimento econ\u00f4mico do pa\u00eds, entende que os representantes da popula\u00e7\u00e3o devem assumir suas responsabilidades, sem medo da eventual impopularidade.<\/p>\n\n\n\n<p>O futuro do Brasil depende da coragem de sua elite pol\u00edtica.<\/p>\n\n\n\n<p class=\"has-text-align-right has-medium-font-size\"> <strong>Angela Costa<\/strong><\/p>\n","protected":false},"excerpt":{"rendered":"<p>\u00c9 com imensa preocupa\u00e7\u00e3o que a Associa\u00e7\u00e3o Comercial do Rio de Janeiro v\u00ea os impasses na trajet\u00f3ria da necess\u00e1ria Reforma da Previd\u00eancia, que \u00e9 uma&hellip;<\/p>\n","protected":false},"author":1,"featured_media":3088,"comment_status":"closed","ping_status":"closed","sticky":false,"template":"","format":"standard","meta":{"_exactmetrics_skip_tracking":false,"_exactmetrics_sitenote_active":false,"_exactmetrics_sitenote_note":"","_exactmetrics_sitenote_category":0,"footnotes":""},"categories":[12],"tags":[],"class_list":["post-3087","post","type-post","status-publish","format-standard","has-post-thumbnail","hentry","category-artigos"],"_links":{"self":[{"href":"https:\/\/acrj.org.br\/index.php\/wp-json\/wp\/v2\/posts\/3087","targetHints":{"allow":["GET"]}}],"collection":[{"href":"https:\/\/acrj.org.br\/index.php\/wp-json\/wp\/v2\/posts"}],"about":[{"href":"https:\/\/acrj.org.br\/index.php\/wp-json\/wp\/v2\/types\/post"}],"author":[{"embeddable":true,"href":"https:\/\/acrj.org.br\/index.php\/wp-json\/wp\/v2\/users\/1"}],"replies":[{"embeddable":true,"href":"https:\/\/acrj.org.br\/index.php\/wp-json\/wp\/v2\/comments?post=3087"}],"version-history":[{"count":0,"href":"https:\/\/acrj.org.br\/index.php\/wp-json\/wp\/v2\/posts\/3087\/revisions"}],"wp:featuredmedia":[{"embeddable":true,"href":"https:\/\/acrj.org.br\/index.php\/wp-json\/wp\/v2\/media\/3088"}],"wp:attachment":[{"href":"https:\/\/acrj.org.br\/index.php\/wp-json\/wp\/v2\/media?parent=3087"}],"wp:term":[{"taxonomy":"category","embeddable":true,"href":"https:\/\/acrj.org.br\/index.php\/wp-json\/wp\/v2\/categories?post=3087"},{"taxonomy":"post_tag","embeddable":true,"href":"https:\/\/acrj.org.br\/index.php\/wp-json\/wp\/v2\/tags?post=3087"}],"curies":[{"name":"wp","href":"https:\/\/api.w.org\/{rel}","templated":true}]}}