{"id":3084,"date":"2017-12-11T19:43:00","date_gmt":"2017-12-11T21:43:00","guid":{"rendered":"http:\/\/acrj2020.profissional.ws\/?p=3084"},"modified":"2021-01-28T10:52:13","modified_gmt":"2021-01-28T13:52:13","slug":"pedido-de-socorro","status":"publish","type":"post","link":"https:\/\/acrj.org.br\/index.php\/2017\/12\/11\/pedido-de-socorro\/","title":{"rendered":"Pedido de socorro"},"content":{"rendered":"\n<p>(Acho que colocarei esse bilhete dentro de uma garrafa e jogarei no mar)<\/p>\n\n\n\n<p>Com tudo o que tenho lido e escutado por a\u00ed, cada vez me preocupo mais com nossa cidade &#8211; ainda maravilhosa. O ano est\u00e1 acabando pelo calend\u00e1rio, mas isso n\u00e3o muda o cotidiano de n\u00f3s, moradores. \u00c9 como se um ano novo nos fizesse esquecer o tempo perdido e irrecuper\u00e1vel. Sei que o or\u00e7amento fiscal da Prefeitura acompanha mais ou menos este calend\u00e1rio. Contudo, o que isso realmente importa para o habitante, que percebe, h\u00e1 mais de dez meses, que servi\u00e7os e investimentos necess\u00e1rios a uma boa qualidade de vida sumiram? Temos hospitais p\u00fablicos com falta de medica\u00e7\u00e3o; o transporte p\u00fablico sem conforto, pontualidade ou higiene; espa\u00e7os p\u00fablicos sem conserva\u00e7\u00e3o; etc.<\/p>\n\n\n\n<p>As empresas de comunica\u00e7\u00e3o s\u00f3 est\u00e3o empenhadas em divulgar crimes e desvios de conduta de empres\u00e1rios e parlamentares. N\u00e3o que essas informa\u00e7\u00f5es n\u00e3o sejam necess\u00e1rias, mas o lugar onde vivemos com nossa fam\u00edlia, amigos e vizinhos \u00e9 a cidade. Ser\u00e1 que o Minist\u00e9rio P\u00fablico precisa intervir por meio de suas den\u00fancias, geralmente baseadas em informa\u00e7\u00f5es da imprensa, para que algu\u00e9m veja como a cidade, os bairros, as ruas e os pr\u00e9dios, tanto residenciais quanto comerciais, est\u00e3o esvaziando?<\/p>\n\n\n\n<p>A cidade teve a sorte e o privil\u00e9gio de receber os Jogos Ol\u00edmpicos em 2016. Vivemos dias e mais dias de puro orgulho, felicidade e esperan\u00e7a. Acabou. E parece que n\u00f3s mudamos de planeta.<\/p>\n\n\n\n<p>O que mais vejo s\u00e3o lojas de grandes centros de bairros fechando, janelas e janelas por todos os cantos com placas de \u201cvende-se\u201d, e noites de ruas vazias. Onde est\u00e1 aquela alegria do carioca de festejar a vida? De bater perna sem compromisso? De jogar conversa fora no boteco?<\/p>\n\n\n\n<p>Por favor, senhor prefeito, vereadores, dirigentes e sociedade civil, acordem! Sempre h\u00e1 tempo de reverter um caminho. N\u00e3o \u00e9 dif\u00edcil, basta vontade, boa vontade.&nbsp;<\/p>\n\n\n\n<p>Sou municipalista e sei que fazemos parte de um pa\u00eds em crise, de um estado roubado e maltratado, mas vamos procurar bons exemplos e adot\u00e1-los. Nada precisa ser inventado, temos plena consci\u00eancia do que \u00e9 certo e errado. Amo essa cidade onde nasci, onde nasceram meus filhos e est\u00e3o nascendo meus netos. N\u00e3o pretendo me arrepender de educ\u00e1-los gostando daqui, sem necessidade de buscar uma vida melhor fora do pa\u00eds.<\/p>\n\n\n\n<p>Parece que precisamos de reflex\u00e3o e, por isso, insisto na m\u00e1xima: \u201cVivemos na cidade\u201d.<\/p>\n\n\n\n<p class=\"has-text-align-right has-medium-font-size\"><strong>Angela Fonti<\/strong><br>Arquiteta, servidora municipal aposentada e vice-presidente de Patrim\u00f4nio da ACRJ<\/p>\n","protected":false},"excerpt":{"rendered":"<p>(Acho que colocarei esse bilhete dentro de uma garrafa e jogarei no mar) Com tudo o que tenho lido e escutado por a\u00ed, cada vez&hellip;<\/p>\n","protected":false},"author":1,"featured_media":3085,"comment_status":"closed","ping_status":"closed","sticky":false,"template":"","format":"standard","meta":{"_exactmetrics_skip_tracking":false,"_exactmetrics_sitenote_active":false,"_exactmetrics_sitenote_note":"","_exactmetrics_sitenote_category":0,"footnotes":""},"categories":[12],"tags":[],"class_list":["post-3084","post","type-post","status-publish","format-standard","has-post-thumbnail","hentry","category-artigos"],"_links":{"self":[{"href":"https:\/\/acrj.org.br\/index.php\/wp-json\/wp\/v2\/posts\/3084","targetHints":{"allow":["GET"]}}],"collection":[{"href":"https:\/\/acrj.org.br\/index.php\/wp-json\/wp\/v2\/posts"}],"about":[{"href":"https:\/\/acrj.org.br\/index.php\/wp-json\/wp\/v2\/types\/post"}],"author":[{"embeddable":true,"href":"https:\/\/acrj.org.br\/index.php\/wp-json\/wp\/v2\/users\/1"}],"replies":[{"embeddable":true,"href":"https:\/\/acrj.org.br\/index.php\/wp-json\/wp\/v2\/comments?post=3084"}],"version-history":[{"count":0,"href":"https:\/\/acrj.org.br\/index.php\/wp-json\/wp\/v2\/posts\/3084\/revisions"}],"wp:featuredmedia":[{"embeddable":true,"href":"https:\/\/acrj.org.br\/index.php\/wp-json\/wp\/v2\/media\/3085"}],"wp:attachment":[{"href":"https:\/\/acrj.org.br\/index.php\/wp-json\/wp\/v2\/media?parent=3084"}],"wp:term":[{"taxonomy":"category","embeddable":true,"href":"https:\/\/acrj.org.br\/index.php\/wp-json\/wp\/v2\/categories?post=3084"},{"taxonomy":"post_tag","embeddable":true,"href":"https:\/\/acrj.org.br\/index.php\/wp-json\/wp\/v2\/tags?post=3084"}],"curies":[{"name":"wp","href":"https:\/\/api.w.org\/{rel}","templated":true}]}}