{"id":3072,"date":"2017-10-30T19:34:00","date_gmt":"2017-10-30T21:34:00","guid":{"rendered":"http:\/\/acrj2020.profissional.ws\/?p=3072"},"modified":"2021-01-28T10:50:25","modified_gmt":"2021-01-28T13:50:25","slug":"voce-protege-seu-ativo-de-propriedade-intelectual","status":"publish","type":"post","link":"https:\/\/acrj.org.br\/index.php\/2017\/10\/30\/voce-protege-seu-ativo-de-propriedade-intelectual\/","title":{"rendered":"Voc\u00ea protege seu ativo de propriedade intelectual?"},"content":{"rendered":"\n<p>\n\nA defici\u00eancia na gest\u00e3o de \u201cAtivos de Propriedade Intelectual\u201d gera perdas de investimento em pesquisa, desenvolvimento e inova\u00e7\u00e3o, impedindo que a empresa se posicione competitivamente no mercado, ficando \u00e0 merc\u00ea de inescrupulosos concorrentes, os quais, sem qualquer esfor\u00e7o, aproveitam-se das cria\u00e7\u00f5es alheias, desviando clientela. Por outro lado, a correta gest\u00e3o desses ativos garante reserva de mercado, retorno de investimento e lucro.<br>Para proteger os \u201cAtivos de Propriedade Intelectual\u201d, h\u00e1 que se ter no\u00e7\u00e3o do que est\u00e1 inserido nessa defini\u00e7\u00e3o.<\/p>\n\n\n\n<p>Al\u00e9m das marcas e patentes, est\u00e3o inseridos o \u201cknow how\u201d; os \u201cprogramas de computador\u201d; os \u201cbancos de dados\u201d; os \u201cm\u00e9todos de neg\u00f3cios\u201d; as \u201cdenomina\u00e7\u00f5es de origem\u201d; os \u201cestudos de mercado\u201d; o \u201ctrade dress\u201d; e at\u00e9 mesmo as \u201ccampanhas publicit\u00e1rias\u201d, dentre outros. Seus registros s\u00e3o feitos em diferentes \u00f3rg\u00e3os.<\/p>\n\n\n\n<p>Quer dizer, muito al\u00e9m das marcas e patentes, outros ativos de PI, que podem representar \u201cverdadeiras minas de ouro\u201d, est\u00e3o envolvidos no empreendimento.<br>De todo modo, o empresariado est\u00e1 mesmo mais afeito \u00e0s marcas e patentes. A cria\u00e7\u00e3o de uma marca consiste numa estrat\u00e9gia de neg\u00f3cios, j\u00e1 que ter distinguibilidade, num mercado cada vez mais competitivo, \u00e9 a garantia de forma\u00e7\u00e3o de clientela, incutindo na mente do consumidor a id\u00e9ia de proced\u00eancia e qualidade do produto ou servi\u00e7o. O registro confere direitos de propriedade e uso exclusivo, minimizando as chances de atos de contrafa\u00e7\u00e3o e de concorr\u00eancia desleal. Sem o registro corre-se o risco de dilui\u00e7\u00e3o do valor distintivo do sinal e de que terceiros dele se aproveitem e at\u00e9 se apoderem.<\/p>\n\n\n\n<p>No que diz respeito \u00e0s inven\u00e7\u00f5es, o patenteamento garante a propriedade e o direito de impedir a explora\u00e7\u00e3o da tecnologia por terceiros. Sem a patente, a tecnologia colocada em uso cai em dom\u00ednio p\u00fablico.<\/p>\n\n\n\n<p>Com a patente, cria-se um diferencial concorrencial, que propicia monop\u00f3lio e royalties, assim como favorece o estabelecimento de proveitosas parcerias, mediante licen\u00e7as cruzadas de portf\u00f3lios de patentes, sistem\u00e1tica da qual muito bem se aproveitam em nosso territ\u00f3rio as empresas estrangeiras, que, diga-se, s\u00e3o aqui l\u00edderes em n\u00famero de dep\u00f3sitos de marcas e patentes, muito a frente das nacionais, que nem sempre est\u00e3o atentas para o valor e para a prote\u00e7\u00e3o dos ativos de PI.<\/p>\n\n\n\n<p class=\"has-text-align-right has-medium-font-size\"><strong>Alexandre do Nascimento Souza<br><\/strong><em>Membro do Conselho Empresarial&nbsp;Jur\u00eddico e Estrat\u00e9gico da ACRJ<\/em><\/p>\n","protected":false},"excerpt":{"rendered":"<p>A defici\u00eancia na gest\u00e3o de \u201cAtivos de Propriedade Intelectual\u201d gera perdas de investimento em pesquisa, desenvolvimento e inova\u00e7\u00e3o, impedindo que a empresa se posicione competitivamente&hellip;<\/p>\n","protected":false},"author":1,"featured_media":3073,"comment_status":"closed","ping_status":"closed","sticky":false,"template":"","format":"standard","meta":{"_exactmetrics_skip_tracking":false,"_exactmetrics_sitenote_active":false,"_exactmetrics_sitenote_note":"","_exactmetrics_sitenote_category":0,"footnotes":""},"categories":[12],"tags":[],"class_list":["post-3072","post","type-post","status-publish","format-standard","has-post-thumbnail","hentry","category-artigos"],"_links":{"self":[{"href":"https:\/\/acrj.org.br\/index.php\/wp-json\/wp\/v2\/posts\/3072","targetHints":{"allow":["GET"]}}],"collection":[{"href":"https:\/\/acrj.org.br\/index.php\/wp-json\/wp\/v2\/posts"}],"about":[{"href":"https:\/\/acrj.org.br\/index.php\/wp-json\/wp\/v2\/types\/post"}],"author":[{"embeddable":true,"href":"https:\/\/acrj.org.br\/index.php\/wp-json\/wp\/v2\/users\/1"}],"replies":[{"embeddable":true,"href":"https:\/\/acrj.org.br\/index.php\/wp-json\/wp\/v2\/comments?post=3072"}],"version-history":[{"count":0,"href":"https:\/\/acrj.org.br\/index.php\/wp-json\/wp\/v2\/posts\/3072\/revisions"}],"wp:featuredmedia":[{"embeddable":true,"href":"https:\/\/acrj.org.br\/index.php\/wp-json\/wp\/v2\/media\/3073"}],"wp:attachment":[{"href":"https:\/\/acrj.org.br\/index.php\/wp-json\/wp\/v2\/media?parent=3072"}],"wp:term":[{"taxonomy":"category","embeddable":true,"href":"https:\/\/acrj.org.br\/index.php\/wp-json\/wp\/v2\/categories?post=3072"},{"taxonomy":"post_tag","embeddable":true,"href":"https:\/\/acrj.org.br\/index.php\/wp-json\/wp\/v2\/tags?post=3072"}],"curies":[{"name":"wp","href":"https:\/\/api.w.org\/{rel}","templated":true}]}}