{"id":3053,"date":"2017-10-16T19:11:00","date_gmt":"2017-10-16T21:11:00","guid":{"rendered":"http:\/\/acrj2020.profissional.ws\/?p=3053"},"modified":"2021-01-28T10:46:22","modified_gmt":"2021-01-28T13:46:22","slug":"capoeira-parangole-e-constituinte","status":"publish","type":"post","link":"https:\/\/acrj.org.br\/index.php\/2017\/10\/16\/capoeira-parangole-e-constituinte\/","title":{"rendered":"Capoeira, \u201cParangol\u00e9\u201d e Constituinte"},"content":{"rendered":"\n<p><strong>&#8220;O objetivo \u00e9 dar ao p\u00fablico a chance de deixar de ser p\u00fablico espectador, de fora, para participante na atividade criadora\u201d&nbsp;<\/strong>(<strong>Helio Oiticica)<\/strong><\/p>\n\n\n\n<p>Este rec\u00e9m nascido mil\u00eanio, adolescente s\u00e9culo e maduro dec\u00eanio &nbsp; v\u00eam de deparar-se com a fadiga do Sistema Representativo.<\/p>\n\n\n\n<p>O cidad\u00e3o expressa-se nas m\u00eddias sociais, WhatsApp, Twitters, mergulha no Google Earth, nano tecnologia, Bitcoin, uma revolu\u00e7\u00e3o tecnol\u00f3gica que transforma nossa vida, o trabalho e a forma como nos relacionamos.<\/p>\n\n\n\n<p>\u201c4\u00aa Revolu\u00e7\u00e3o &nbsp;Industrial\u201d, \u201cEra da Informa\u00e7\u00e3o\u201d?<\/p>\n\n\n\n<p>Assim, a democracia precisa dar voz ao cidad\u00e3o a reclamar sua participa\u00e7\u00e3o pol\u00edtica mais diretamente, como nos demais aspectos do seu cotidiano.<\/p>\n\n\n\n<p>A arte, h\u00e1 muito, deixou o cavalete para expressar seu \u201cestranhamento\u201d, no cotidiano e atrav\u00e9s do expectador\/protagonista.&nbsp;&nbsp;<\/p>\n\n\n\n<p>A perspectiva, logo, cedeu lugar ao Dada e a \u201cRoda de Bicicleta\u201d de Duchamps, ao Pop Art das Latas Campbell de Warhol, ao Samba\/Neoconcreto do&nbsp; Parangol\u00e9 de Oiticica, pulsante cria\u00e7\u00e3o interativa.<\/p>\n\n\n\n<p>Tais Met\u00e1foras &#8211; no s\u00e9culo XXI e no ambiente institucional do Direito, Democracia, Economia &#8211; invocam nova modelagem onde o Estado atire-se \u00e0 vida real, aos m\u00faltiplos e aleat\u00f3rios fragmentos do humano, em colagens de uma sociedade plural com demandas diversificadas.<\/p>\n\n\n\n<p>O cidad\u00e3o autor direto de leis, via identidade digital, &nbsp;como nas contas banc\u00e1rias, ou facial, do IPhone X, reservado ao \u201cParlamento Representativo\u201d o papel de sistematizador e revisor?<\/p>\n\n\n\n<p>Poderia, ainda, ser o pr\u00f3prio protagonista do Executivo Estatal via servi\u00e7os&nbsp; privatizados, reservado ao governo papel regulat\u00f3rio?<\/p>\n\n\n\n<p>A Arbitragem e a Media\u00e7\u00e3o o espa\u00e7o crescente do ju\u00edzo privado?<\/p>\n\n\n\n<p>No cal\u00e7ad\u00e3o, domingo, assistia-se um Jogo de Capoeira, raiz&nbsp; do Quilombo, luta que se transmuta em arte, em dan\u00e7a, em berimbau, alegoria do que, efetivamente, \u00e9 \u201cArte Marcial\u201d e prote\u00e7\u00e3o \u00e0 chibata.<\/p>\n\n\n\n<p>Necessitamos desta po\u00e9tica diante da presente crueza do cotidiano, como invocou Samuel Wainer a Nelson Rodrigues, para nova coluna policial da \u201c\u00daltima Hora\u201d, dando \u00e0 luz a \u201cA vida como ela \u00e9\u201d.<\/p>\n\n\n\n<p>Refiro-me a viol\u00eancia urbana e pol\u00edtica &nbsp;banalizada diante do individuo perplexo com os tiroteios e assaltos \u00e0 luz do sol, \u00e0 putrefa\u00e7\u00e3o do sistema pol\u00edtico e \u00e0 septicemia do aparelho estatal.<\/p>\n\n\n\n<p>Discutir aspectos morais, nada acrescentaria, al\u00e9m de blindar o \u201cOvo da Serpente\u201d, o \u201c<strong>Estado Paternalista<\/strong>\u201d, que 88 substituiu ao \u201c<strong>Estado Policial Militar<\/strong>\u201d,&nbsp; por\u00e9m&nbsp; perfilhou o filho bastardo, de 67, o \u201c<strong>Capitalismo de Estado, Corporativista<\/strong>\u201d, esdr\u00faxula combina\u00e7\u00e3o germinadora do&nbsp; loteamento e da coopta\u00e7\u00e3o, heran\u00e7a do \u201c<strong>Estado Novo<\/strong>\u201d,&nbsp; vers\u00e3o Macuna\u00edma do neofascismo.<\/p>\n\n\n\n<p>Da \u201c<strong>Nova Rep\u00fablica<\/strong>\u201d resta-nos a fal\u00eancia, inclusive financeira, do Presidencialismo de coopta\u00e7\u00e3o.&nbsp;<\/p>\n\n\n\n<p>Para transcender, precisamos de uma \u201c<strong>Constituinte Exclusiva<\/strong>\u201d, cidad\u00e3os &nbsp;independentes, com a espec\u00edfica tarefa, e homologa\u00e7\u00e3o popular.&nbsp;<\/p>\n\n\n\n<p>Assim, poderemos alcan\u00e7ar uma democracia mais direta,&nbsp; meritocr\u00e1tica, com voto distrital e campanha de TV, &nbsp;expositiva.&nbsp;<\/p>\n\n\n\n<p>Precisamos responder \u00e0 inseguran\u00e7a.&nbsp;Estados formam-se, basicamente, para promover a seguran\u00e7a&nbsp; pessoal, coletiva, jur\u00eddica e econ\u00f4mica, mas hoje&nbsp;n\u00e3o as logramos garantir.<\/p>\n\n\n\n<p>Legalidade, sim. Informalidade, n\u00e3o!<\/p>\n\n\n\n<p>\u00c9 poss\u00edvel racionalizar a previd\u00eancia p\u00fablica?<\/p>\n\n\n\n<p>Daria para simplificar a tributa\u00e7\u00e3o, cuja porcentagem decresceria diante do crescimento do Produto Interno?<\/p>\n\n\n\n<p>O Servi\u00e7o p\u00fablico pode ser radicalmente privatizado e eficiente, com transpar\u00eancia dos neg\u00f3cios e finan\u00e7as, totalmente abertos, em TV e Internet, ao vivo?&nbsp;<\/p>\n\n\n\n<p>Adeus Macuna\u00edma, her\u00f3i sem car\u00e1ter!<\/p>\n\n\n\n<p>Bem-vinda, Constitui\u00e7\u00e3o da \u201c4<sup>a<\/sup>\u00a0Revolu\u00e7\u00e3o Industrial\u201d. Oiticica poderia, at\u00e9, chamar voc\u00ea de \u201cConstitui\u00e7\u00e3o Parangol\u00e9\u201d!\u00a0<\/p>\n\n\n\n<p class=\"has-text-align-right has-medium-font-size\"> <strong>H\u00e9lio Paulo Ferraz<\/strong><br>Benem\u00e9rito e Vice-Presidente da Associa\u00e7\u00e3o Comercial do Rio de Janeiro e empres\u00e1rio, advogado e mediador <\/p>\n","protected":false},"excerpt":{"rendered":"<p>&#8220;O objetivo \u00e9 dar ao p\u00fablico a chance de deixar de ser p\u00fablico espectador, de fora, para participante na atividade criadora\u201d&nbsp;(Helio Oiticica) Este rec\u00e9m nascido&hellip;<\/p>\n","protected":false},"author":1,"featured_media":1473,"comment_status":"closed","ping_status":"closed","sticky":false,"template":"","format":"standard","meta":{"_exactmetrics_skip_tracking":false,"_exactmetrics_sitenote_active":false,"_exactmetrics_sitenote_note":"","_exactmetrics_sitenote_category":0,"footnotes":""},"categories":[12],"tags":[],"class_list":["post-3053","post","type-post","status-publish","format-standard","has-post-thumbnail","hentry","category-artigos"],"_links":{"self":[{"href":"https:\/\/acrj.org.br\/index.php\/wp-json\/wp\/v2\/posts\/3053","targetHints":{"allow":["GET"]}}],"collection":[{"href":"https:\/\/acrj.org.br\/index.php\/wp-json\/wp\/v2\/posts"}],"about":[{"href":"https:\/\/acrj.org.br\/index.php\/wp-json\/wp\/v2\/types\/post"}],"author":[{"embeddable":true,"href":"https:\/\/acrj.org.br\/index.php\/wp-json\/wp\/v2\/users\/1"}],"replies":[{"embeddable":true,"href":"https:\/\/acrj.org.br\/index.php\/wp-json\/wp\/v2\/comments?post=3053"}],"version-history":[{"count":0,"href":"https:\/\/acrj.org.br\/index.php\/wp-json\/wp\/v2\/posts\/3053\/revisions"}],"wp:featuredmedia":[{"embeddable":true,"href":"https:\/\/acrj.org.br\/index.php\/wp-json\/wp\/v2\/media\/1473"}],"wp:attachment":[{"href":"https:\/\/acrj.org.br\/index.php\/wp-json\/wp\/v2\/media?parent=3053"}],"wp:term":[{"taxonomy":"category","embeddable":true,"href":"https:\/\/acrj.org.br\/index.php\/wp-json\/wp\/v2\/categories?post=3053"},{"taxonomy":"post_tag","embeddable":true,"href":"https:\/\/acrj.org.br\/index.php\/wp-json\/wp\/v2\/tags?post=3053"}],"curies":[{"name":"wp","href":"https:\/\/api.w.org\/{rel}","templated":true}]}}