{"id":3022,"date":"2019-02-04T18:30:00","date_gmt":"2019-02-04T20:30:00","guid":{"rendered":"http:\/\/acrj2020.profissional.ws\/?p=3022"},"modified":"2020-03-01T18:32:29","modified_gmt":"2020-03-01T21:32:29","slug":"a-psicocibernetica-e-a-reforma-da-previdencia","status":"publish","type":"post","link":"https:\/\/acrj.org.br\/index.php\/2019\/02\/04\/a-psicocibernetica-e-a-reforma-da-previdencia\/","title":{"rendered":"A Psicocibern\u00e9tica e a Reforma da Previd\u00eancia"},"content":{"rendered":"\n<p>A teoria psicocibern\u00e9tica desenvolvida nos Estados Unidos h\u00e1 algumas d\u00e9cadas nada mais \u00e9 do que a teoria de administra\u00e7\u00e3o de ansiedades. Foi desenvolvida por um cirurgi\u00e3o pl\u00e1stico, no final dos anos 60, para auxiliar seus clientes na administra\u00e7\u00e3o das ansiedades decorrentes desse tipo de cirurgia<\/p>\n\n\n\n<p>A sociedade brasileira \u00e9 hoje vitima da ansiedade da Reforma da Previd\u00eancia. Retomou-se recentemente o debate entre o regime de capitaliza\u00e7\u00e3o e o regime de reparti\u00e7\u00e3o.<\/p>\n\n\n\n<p>O nosso regime de reparti\u00e7\u00e3o, de responsabilidade exclusiva de pagamentos dos benef\u00edcios pelo governo, \u00e9 extremamente generoso para os participantes. Enquanto as condi\u00e7\u00f5es demogr\u00e1ficas permitiram, n\u00e3o houve preocupa\u00e7\u00e3o em mud\u00e1-lo, principalmente com o estabelecimento de uma idade m\u00ednima para aposentadoria. Algumas tentativas foram feitas, mas sem sucesso. Houve a cria\u00e7\u00e3o do fator previdenci\u00e1rio, no governo FHC, para corrigir injusti\u00e7as sociais que permitiam aos mais ricos ou com trabalho formalizado, como aos sindicalistas, se aposentarem por tempo de contribui\u00e7\u00e3o aos 50 anos, enquanto os mais pobres, que n\u00e3o tinham como comprovar tempo de contribui\u00e7\u00e3o, s\u00f3 se aposentavam por idade aos 65 anos numa clara distribui\u00e7\u00e3o perversa de renda.<\/p>\n\n\n\n<p>Quando presidi a CVM, em 1994, criei um grupo de trabalho, constitu\u00eddo por centros de pesquisa como a Fipe, o Ibmec e o Instituto Atl\u00e2ntico, e consultorias de t\u00e9cnicos do IPEA, com participa\u00e7\u00e3o do Minist\u00e9rio da Previd\u00eancia, para propor um modelo misto de reparti\u00e7\u00e3o e capitaliza\u00e7\u00e3o, corrigindo os exageros paternalistas com estabelecimento de idade m\u00ednima para todos. O pilar de capitaliza\u00e7\u00e3o entend\u00edamos ser fundamental para a constitui\u00e7\u00e3o de uma poupan\u00e7a privada de longo prazo que garantisse recursos para os investimentos, tamb\u00e9m de longo prazo, em infraestrutura log\u00edstica e social. Infelizmente, na transi\u00e7\u00e3o do governo Itamar para o de FHC, o medo dos custos de transi\u00e7\u00e3o de um modelo para o outro impediram seu encaminhamento.<\/p>\n\n\n\n<p>De l\u00e1 para c\u00e1, a situa\u00e7\u00e3o da Previd\u00eancia piorou e h\u00e1 quase um consenso sobre a necessidade de uma reforma.<\/p>\n\n\n\n<p>Al\u00e9m da proposta apresentada pelo Governo Temer, que se encontra no Congresso, h\u00e1 varias outras sendo apresentadas ao novo governo.<\/p>\n\n\n\n<p>A Fipe &#8211; que contratei em 1979, quando assessorava a presid\u00eancia da Bovespa, para preparar uma proposta em regime de capitaliza\u00e7\u00e3o que eu havia visto ser implantado nos Estados Unidos em 1974 e que resultou na \u201cNova Economia Americana\u201d das d\u00e9cadas de 80 e 90, fruto da poupan\u00e7a previdenci\u00e1ria americana que saiu de 30% do PIB em 1970 para 115% em 2000 &#8211; tem uma nova proposta: \u201cUma Nova Previd\u00eancia para os Novos Trabalhadores\u201d, igual para todos os brasileiros, sendo apresentada \u00e0 equipe do Presidente Bolsonaro.<\/p>\n\n\n\n<p>Esta proposta trata de um regime misto que em seu pilar n\u00e3o contributivo garantir\u00e1 R$550,00 de renda b\u00e1sica para o idoso, e em seu pilar contributivo, em regime de reparti\u00e7\u00e3o, at\u00e9 R$1.650,00. Esta proposta significar\u00e1 para 75% dos contribuintes uma reposi\u00e7\u00e3o de 100% do sal\u00e1rio na ativa, criando para os mais pobres um modelo socialmente mais justo e permitindo que o pilar de capitaliza\u00e7\u00e3o, a partir de R$ R$ 2.200,00 at\u00e9 o teto, al\u00e9m de reduzir a responsabilidade do Governo com o pagamento desses benef\u00edcios, torne-se um importante instrumento de forma\u00e7\u00e3o de poupan\u00e7a privada de longo prazo para a retomada dos investimentos no Brasil.&nbsp;<\/p>\n\n\n\n<p class=\"has-text-align-right has-medium-font-size\"><strong>Thom\u00e1s Tosta de S\u00e1<\/strong><br>Presidente do CODEMEC, ex-Presidente da CVM e Conselheiro da ACRJ<\/p>\n","protected":false},"excerpt":{"rendered":"<p>A teoria psicocibern\u00e9tica desenvolvida nos Estados Unidos h\u00e1 algumas d\u00e9cadas nada mais \u00e9 do que a teoria de administra\u00e7\u00e3o de ansiedades. Foi desenvolvida por um&hellip;<\/p>\n","protected":false},"author":1,"featured_media":3023,"comment_status":"closed","ping_status":"open","sticky":false,"template":"","format":"standard","meta":{"_exactmetrics_skip_tracking":false,"_exactmetrics_sitenote_active":false,"_exactmetrics_sitenote_note":"","_exactmetrics_sitenote_category":0,"footnotes":""},"categories":[12],"tags":[],"class_list":["post-3022","post","type-post","status-publish","format-standard","has-post-thumbnail","hentry","category-artigos"],"_links":{"self":[{"href":"https:\/\/acrj.org.br\/index.php\/wp-json\/wp\/v2\/posts\/3022","targetHints":{"allow":["GET"]}}],"collection":[{"href":"https:\/\/acrj.org.br\/index.php\/wp-json\/wp\/v2\/posts"}],"about":[{"href":"https:\/\/acrj.org.br\/index.php\/wp-json\/wp\/v2\/types\/post"}],"author":[{"embeddable":true,"href":"https:\/\/acrj.org.br\/index.php\/wp-json\/wp\/v2\/users\/1"}],"replies":[{"embeddable":true,"href":"https:\/\/acrj.org.br\/index.php\/wp-json\/wp\/v2\/comments?post=3022"}],"version-history":[{"count":0,"href":"https:\/\/acrj.org.br\/index.php\/wp-json\/wp\/v2\/posts\/3022\/revisions"}],"wp:featuredmedia":[{"embeddable":true,"href":"https:\/\/acrj.org.br\/index.php\/wp-json\/wp\/v2\/media\/3023"}],"wp:attachment":[{"href":"https:\/\/acrj.org.br\/index.php\/wp-json\/wp\/v2\/media?parent=3022"}],"wp:term":[{"taxonomy":"category","embeddable":true,"href":"https:\/\/acrj.org.br\/index.php\/wp-json\/wp\/v2\/categories?post=3022"},{"taxonomy":"post_tag","embeddable":true,"href":"https:\/\/acrj.org.br\/index.php\/wp-json\/wp\/v2\/tags?post=3022"}],"curies":[{"name":"wp","href":"https:\/\/api.w.org\/{rel}","templated":true}]}}