{"id":30181,"date":"2024-08-27T14:12:43","date_gmt":"2024-08-27T17:12:43","guid":{"rendered":"https:\/\/acrj.org.br\/?p=30181"},"modified":"2025-09-16T15:09:07","modified_gmt":"2025-09-16T18:09:07","slug":"a-acrj-promove-a-1a-reuniao-estrategica-dos-conselhos-empresariais","status":"publish","type":"post","link":"https:\/\/acrj.org.br\/index.php\/2024\/08\/27\/a-acrj-promove-a-1a-reuniao-estrategica-dos-conselhos-empresariais\/","title":{"rendered":"A ACRJ promove a 1\u00aa reuni\u00e3o estrat\u00e9gica dos Conselhos Empresariais"},"content":{"rendered":"\n<p>A ACRJ realizou a 1\u00aa Reuni\u00e3o Estrat\u00e9gica dos Conselhos Empresariais, dia 27 de agosto, que contou com a participa\u00e7\u00e3o de cerca de 100 representantes de todos os 25 Conselhos que comp\u00f5em a Associa\u00e7\u00e3o Comercial para defini\u00e7\u00e3o de um Plano de A\u00e7\u00e3o. A reuni\u00e3o foi aberta pelo presidente da ACRJ, Josier Vilar, que destacou a import\u00e2ncia do encontro e a disponibilidade de todos os membros que compareceram de contribuir com o futuro da ACRJ e da cidade do Rio.<\/p>\n\n\n\n<p>\u201cFiquei muito feliz de ver este sal\u00e3o cheio e quero dizer a todos que estamos juntos nessa jornada. \u00c9 muito importante para quem est\u00e1 presidindo esta organiza\u00e7\u00e3o, perceber que estamos trabalhando juntos para transformar o Rio em uma cidade boa para se visitar, empreender, trabalhar e viver. Todas as informa\u00e7\u00f5es que foram passadas hoje ser\u00e3o consolidadas em um documento, que ser\u00e1 a diretriz para que a nossa administra\u00e7\u00e3o possa avan\u00e7ar no objetivo de tornar a nossa Associa\u00e7\u00e3o Comercial uma refer\u00eancia transformadora para o ecossistema econ\u00f4mico do Rio de Janeiro. Esse \u00e9 o nosso desafio\u201d, disse Josier Vilar.<\/p>\n\n\n\n<p>A vice-presidente dos Conselhos Empresariais, Fabiana Bentes, coordenou a din\u00e2mica com os conselheiros que incluiu quest\u00f5es como os desafios dos neg\u00f3cios, o papel da ACRJ e dos Conselhos, como melhorar o protagonismo da Associa\u00e7\u00e3o Comercial e a defini\u00e7\u00e3o de sua miss\u00e3o, entre outras quest\u00f5es. A partir da din\u00e2mica, os conselheiros debateram os temas propostos e fizeram sugest\u00f5es de melhorias para o ecossistema empresarial da ACRJ.<\/p>\n\n\n\n<p>O encontro ainda abordou outros assuntos, entre eles, as vantagens em ser conselheiro; o engajamento dos membros e a integra\u00e7\u00e3o dos Conselhos; o Plano Comercial da ACRJ; a defini\u00e7\u00e3o de calend\u00e1rio de eventos, reuni\u00f5es e atividades extras; e os servi\u00e7os disponibilizados aos Associados no Marketplace da ACRJ. Todas as sugest\u00f5es recebidas ser\u00e3o agora consolidadas para a cria\u00e7\u00e3o de um plano de a\u00e7\u00e3o e trabalho efetivo para os Conselhos Empresariais. A reuni\u00e3o foi encerrada com uma apresenta\u00e7\u00e3o da Etalent, uma empresa de tecnologia especializada na Gest\u00e3o do Comportamento.<\/p>\n\n\n\n<figure class=\"wp-block-image size-large is-resized\"><img fetchpriority=\"high\" decoding=\"async\" width=\"1024\" height=\"500\" src=\"https:\/\/acrj.org.br\/wp-content\/uploads\/2024\/08\/mesas-1024x500.jpg\" alt=\"\" class=\"wp-image-30184\" style=\"width:360px\" srcset=\"https:\/\/acrj.org.br\/wp-content\/uploads\/2024\/08\/mesas-1024x500.jpg 1024w, https:\/\/acrj.org.br\/wp-content\/uploads\/2024\/08\/mesas-300x146.jpg 300w, https:\/\/acrj.org.br\/wp-content\/uploads\/2024\/08\/mesas-768x375.jpg 768w, https:\/\/acrj.org.br\/wp-content\/uploads\/2024\/08\/mesas-1536x750.jpg 1536w, https:\/\/acrj.org.br\/wp-content\/uploads\/2024\/08\/mesas-600x293.jpg 600w, https:\/\/acrj.org.br\/wp-content\/uploads\/2024\/08\/mesas.jpg 1844w\" sizes=\"(max-width: 1024px) 100vw, 1024px\" \/><\/figure>\n\n\n\n<p><strong>Alguns depoimentos dos conselheiros<\/strong><\/p>\n\n\n\n<p>\u201cEsta reuni\u00e3o foi fundamental para que haja uma maior intera\u00e7\u00e3o entre os Conselhos para que juntos a gente possa pensar em a\u00e7\u00f5es coletivas para trazer mais sustentabilidade para os neg\u00f3cios e para o empreendedorismo na cidade do Rio. Foi um prazer enorme participar\u201d. <strong>R\u00f4 Amonet<\/strong> \u2013 Conselho de Comunidades, Novos Neg\u00f3cios e Economia Solid\u00e1ria.<\/p>\n\n\n\n<p>\u201cEsta din\u00e2mica de hoje criou uma integra\u00e7\u00e3o entre os Conselhos da Casa e proporcionou a todos n\u00f3s entendermos as demandas dos conselheiros. Assim, acredito que ser\u00e1 poss\u00edvel atender as expectativas de cada empres\u00e1rio que faz parte da Associa\u00e7\u00e3o Comercial\u201d \u2013 <strong>Victor Mota<\/strong> \u2013 Conselho de Jovens.<\/p>\n\n\n\n<p>\u201c\u00c9 um privil\u00e9gio tentar contribuir com esta Casa longeva e o que ela tem a oferecer ao empresariado carioca e fluminense. Esse encontro foi muito importante porque n\u00e3o apenas integrou os Conselhos, mas aproximou os empres\u00e1rios, cada um em sua \u00e1rea de atua\u00e7\u00e3o, na constru\u00e7\u00e3o desta pol\u00edtica empresarial neste novo momento da ACRJ, que fortalece sua identidade institucional e ajuda engajar o empresariado nesta pauta dos neg\u00f3cios do Rio\u201d. <strong>Pedro Guimar\u00e3es<\/strong> \u2013 Conselho do Parque da Orla, do Esporte, Lazer e Desenvolvimento Social e do Turismo.<\/p>\n\n\n\n<p>\u201cEste foi um encontro sensacional, com a converg\u00eancia de assuntos e necessidades dos conselheiros. Esperamos que a partir da\u00ed se transforme em um plano de a\u00e7\u00e3o e possamos fomentar no mercado do Rio de Janeiro o nosso diferencial e o nosso protagonismo\u201d \u2013 <strong>Helena Monteiro <\/strong>\u2013 Conselho da Longevidade.<\/p>\n\n\n\n<p>\u201cMinha percep\u00e7\u00e3o desta din\u00e2mica promovida com os Conselhos foi extraordin\u00e1ria, especialmente pelo fato de os conselheiros serem distribu\u00eddos de forma aleat\u00f3ria nas mesas. Acho que isso foi fundamental para o sucesso da integra\u00e7\u00e3o e da troca de experi\u00eancias. Como conselheiro, espero contribuir, assim como os demais, para o fortalecimento da ACRJ e sua representatividade no estado do Rio de Janeiro\u201d. <strong>Vinicius Carvalho<\/strong> \u2013 Conselho do Esporte, Lazer e Desenvolvimento Social<\/p>\n\n\n\n<p>\u201cTenho uma satisfa\u00e7\u00e3o muito grande de ter participado do primeiro encontro estrat\u00e9gico dos Conselhos Empresariais da Casa. Com esta a\u00e7\u00e3o vamos conseguir priorizar quais as a\u00e7\u00f5es a ACRJ precisa fazer para aumentar o n\u00famero de Associados e a participa\u00e7\u00e3o da Associa\u00e7\u00e3o Comercial na sociedade e assim atrair novos empres\u00e1rios para a Casa de Mau\u00e1. Vamos aguardar os pr\u00f3ximos passos do trabalho a ser realizado\u201d. <strong>S\u00e9rgio Vianna <\/strong>\u2013 Conselho de Log\u00edstica e Transporte.<\/p>\n\n\n\n<p>\u201cFoi um encontro incr\u00edvel de troca de experi\u00eancias entre todos os Conselhos Empresariais da Associa\u00e7\u00e3o Comercial para ajudar a pensar o futuro da ACRJ. N\u00e3o tenho d\u00favidas de que sair\u00e3o hoje daqui grandes ideias para alavancarmos os neg\u00f3cios no Rio de Janeiro e para garantir a sustentabilidade desta Casa\u201d. <strong>Simone Mendon\u00e7a<\/strong> \u2013 Conselho da Mulher.<\/p>\n\n\n\n<p>\u201cFiquei muito surpreendida com esta din\u00e2mica, foi uma iniciativa pioneira desta administra\u00e7\u00e3o, que j\u00e1 vem nos surpreendendo com sua atua\u00e7\u00e3o t\u00e3o ativa. Acredito que o futuro do Rio de Janeiro passa pela consolida\u00e7\u00e3o da ACRJ.O Rio tem uma voca\u00e7\u00e3o natural para o setor de servi\u00e7os e para o com\u00e9rcio e o papel da Associa\u00e7\u00e3o Comercial \u00e9 fundamental neste processo\u201d. <strong>M\u00e1rcia Alonso<\/strong> \u2013 Conselho do Ecossistema do Turismo.<\/p>\n\n\n\n<p>\u201cFoi uma reuni\u00e3o extremamente importante e decisiva para o futuro e um ponto de partida na comunh\u00e3o de esfor\u00e7os e de conhecimento dos v\u00e1rios Conselhos aqui representados\u201d. <strong>Cl\u00e1udio Contador<\/strong> \u2013 Conselho do Desenvolvimento do Mercado de Capitais.<\/p>\n\n\n\n<figure class=\"wp-block-image size-large is-resized\"><img decoding=\"async\" width=\"1024\" height=\"661\" src=\"https:\/\/acrj.org.br\/wp-content\/uploads\/2024\/08\/josier-1024x661.jpg\" alt=\"\" class=\"wp-image-30187\" style=\"width:360px\" srcset=\"https:\/\/acrj.org.br\/wp-content\/uploads\/2024\/08\/josier-1024x661.jpg 1024w, https:\/\/acrj.org.br\/wp-content\/uploads\/2024\/08\/josier-300x194.jpg 300w, https:\/\/acrj.org.br\/wp-content\/uploads\/2024\/08\/josier-768x495.jpg 768w, https:\/\/acrj.org.br\/wp-content\/uploads\/2024\/08\/josier-1536x991.jpg 1536w, https:\/\/acrj.org.br\/wp-content\/uploads\/2024\/08\/josier-600x387.jpg 600w, https:\/\/acrj.org.br\/wp-content\/uploads\/2024\/08\/josier.jpg 1744w\" sizes=\"(max-width: 1024px) 100vw, 1024px\" \/><figcaption class=\"wp-element-caption\">Josier Vilar abriu a reuni\u00e3o<\/figcaption><\/figure>\n","protected":false},"excerpt":{"rendered":"<p>A ACRJ realizou a 1\u00aa Reuni\u00e3o Estrat\u00e9gica dos Conselhos Empresariais, dia 27 de agosto, que contou com a participa\u00e7\u00e3o de cerca de 100 representantes de&hellip;<\/p>\n","protected":false},"author":3,"featured_media":30183,"comment_status":"closed","ping_status":"closed","sticky":false,"template":"","format":"standard","meta":{"_exactmetrics_skip_tracking":false,"_exactmetrics_sitenote_active":false,"_exactmetrics_sitenote_note":"","_exactmetrics_sitenote_category":0,"footnotes":""},"categories":[56,10],"tags":[],"class_list":["post-30181","post","type-post","status-publish","format-standard","has-post-thumbnail","hentry","category-destaque_conselhos","category-noticias"],"_links":{"self":[{"href":"https:\/\/acrj.org.br\/index.php\/wp-json\/wp\/v2\/posts\/30181","targetHints":{"allow":["GET"]}}],"collection":[{"href":"https:\/\/acrj.org.br\/index.php\/wp-json\/wp\/v2\/posts"}],"about":[{"href":"https:\/\/acrj.org.br\/index.php\/wp-json\/wp\/v2\/types\/post"}],"author":[{"embeddable":true,"href":"https:\/\/acrj.org.br\/index.php\/wp-json\/wp\/v2\/users\/3"}],"replies":[{"embeddable":true,"href":"https:\/\/acrj.org.br\/index.php\/wp-json\/wp\/v2\/comments?post=30181"}],"version-history":[{"count":0,"href":"https:\/\/acrj.org.br\/index.php\/wp-json\/wp\/v2\/posts\/30181\/revisions"}],"wp:featuredmedia":[{"embeddable":true,"href":"https:\/\/acrj.org.br\/index.php\/wp-json\/wp\/v2\/media\/30183"}],"wp:attachment":[{"href":"https:\/\/acrj.org.br\/index.php\/wp-json\/wp\/v2\/media?parent=30181"}],"wp:term":[{"taxonomy":"category","embeddable":true,"href":"https:\/\/acrj.org.br\/index.php\/wp-json\/wp\/v2\/categories?post=30181"},{"taxonomy":"post_tag","embeddable":true,"href":"https:\/\/acrj.org.br\/index.php\/wp-json\/wp\/v2\/tags?post=30181"}],"curies":[{"name":"wp","href":"https:\/\/api.w.org\/{rel}","templated":true}]}}