{"id":30144,"date":"2024-08-26T12:57:03","date_gmt":"2024-08-26T15:57:03","guid":{"rendered":"https:\/\/acrj.org.br\/?p=30144"},"modified":"2025-09-16T15:09:19","modified_gmt":"2025-09-16T18:09:19","slug":"acrj-participa-do-aniversario-de-15-anos-da-camara-de-comercio-zhejiang-brasil-china","status":"publish","type":"post","link":"https:\/\/acrj.org.br\/index.php\/2024\/08\/26\/acrj-participa-do-aniversario-de-15-anos-da-camara-de-comercio-zhejiang-brasil-china\/","title":{"rendered":"ACRJ participa do anivers\u00e1rio de 15 anos da C\u00e2mara de Com\u00e9rcio Zhejiang Brasil-China"},"content":{"rendered":"\n<p>O presidente da ACRJ, Josier Vilar, participou, dia 24 de agosto, do evento em comemora\u00e7\u00e3o ao 15\u00b0 Anivers\u00e1rio da C\u00e2mara de Com\u00e9rcio Zhejiang Brasil-China. A celebra\u00e7\u00e3o contou com a cerim\u00f4nia de posse da nova diretoria da C\u00e2mara e ressaltou os 50 Anos das Rela\u00e7\u00f5es Diplom\u00e1ticas entre a China e o Brasil. Na ocasi\u00e3o, diversos artistas chineses mostraram a riqueza da cultura chinesa e foi feita uma homenagem especial ao Brasil com uma apresenta\u00e7\u00e3o de passistas.<\/p>\n\n\n\n<p>Participaram do evento, o presidente da C\u00e2mara de Com\u00e9rcio, Zheng XiaMao; a vice-presidente e secret\u00e1ria Geral da C\u00e2mara de Interc\u00e2mbio Cultural Brasil-China, Marcia Wu; o secret\u00e1rio Geral da C\u00e2mara de Com\u00e9rcio de Zhejiang Brasil-China, Chen ShiKai; a presidente do Conselho Empresarial de Rela\u00e7\u00f5es Internacionais e Com\u00e9rcio Exterior da ACRJ, Michelle Fernandes; Lu\u00eds Claudio Le\u00e3o, do Instituto Coaliz\u00e3o Rio, al\u00e9m de membros do Conselho e outras autoridades brasileiras e chinesas.<\/p>\n\n\n\n<p>\u201cA ACRJ gostaria de parabenizar a C\u00e2mara de Com\u00e9rcio Zhejiang Brasil-China pelo seu 15\u00b0 anivers\u00e1rio. Este evento, que ocorreu como parte das comemora\u00e7\u00f5es dos 50 anos das rela\u00e7\u00f5es diplom\u00e1ticas entre a China e o Brasil, representa um momento significativo no fortalecimento dos la\u00e7os entre nossos dois pa\u00edses\u201d, ressaltou Michelle Fernandes.<\/p>\n\n\n\n<p>A presidente do Conselho disse ainda que a rela\u00e7\u00e3o sino-brasileira tem sido constru\u00edda \u201csobre uma base s\u00f3lida de coopera\u00e7\u00e3o m\u00fatua e respeito, contribuindo significativamente para o crescimento econ\u00f4mico e para o interc\u00e2mbio cultural entre as nossas na\u00e7\u00f5es\u201d. De acordo com ela, a China \u00e9 um dos principais parceiros comerciais do Brasil e a C\u00e2mara de Com\u00e9rcio desempenha um papel fundamental no fomento a essas rela\u00e7\u00f5es, promovendo o di\u00e1logo, a coopera\u00e7\u00e3o econ\u00f4mica e o interc\u00e2mbio cultural entre nossos pa\u00edses. \u201cA continuidade dessa parceria \u00e9 crucial para o desenvolvimento de novas oportunidades e para o fortalecimento dos la\u00e7os comerciais e diplom\u00e1ticos entre o Brasil e a China\u201d, finalizou.<\/p>\n\n\n\n<figure class=\"wp-block-image size-large is-resized\"><img fetchpriority=\"high\" decoding=\"async\" width=\"1024\" height=\"683\" src=\"https:\/\/acrj.org.br\/wp-content\/uploads\/2024\/08\/mesa-Josier-1024x683.jpeg\" alt=\"\" class=\"wp-image-30146\" style=\"width:380px\" srcset=\"https:\/\/acrj.org.br\/wp-content\/uploads\/2024\/08\/mesa-Josier-1024x683.jpeg 1024w, https:\/\/acrj.org.br\/wp-content\/uploads\/2024\/08\/mesa-Josier-300x200.jpeg 300w, https:\/\/acrj.org.br\/wp-content\/uploads\/2024\/08\/mesa-Josier-768x512.jpeg 768w, https:\/\/acrj.org.br\/wp-content\/uploads\/2024\/08\/mesa-Josier-1536x1024.jpeg 1536w, https:\/\/acrj.org.br\/wp-content\/uploads\/2024\/08\/mesa-Josier-600x400.jpeg 600w, https:\/\/acrj.org.br\/wp-content\/uploads\/2024\/08\/mesa-Josier.jpeg 1600w\" sizes=\"(max-width: 1024px) 100vw, 1024px\" \/><\/figure>\n\n\n\n<figure class=\"wp-block-image size-large is-resized\"><img decoding=\"async\" width=\"1024\" height=\"742\" src=\"https:\/\/acrj.org.br\/wp-content\/uploads\/2024\/08\/josier-1024x742.jpeg\" alt=\"\" class=\"wp-image-30148\" style=\"width:380px\" srcset=\"https:\/\/acrj.org.br\/wp-content\/uploads\/2024\/08\/josier-1024x742.jpeg 1024w, https:\/\/acrj.org.br\/wp-content\/uploads\/2024\/08\/josier-300x217.jpeg 300w, https:\/\/acrj.org.br\/wp-content\/uploads\/2024\/08\/josier-768x556.jpeg 768w, https:\/\/acrj.org.br\/wp-content\/uploads\/2024\/08\/josier-1536x1113.jpeg 1536w, https:\/\/acrj.org.br\/wp-content\/uploads\/2024\/08\/josier-600x435.jpeg 600w, https:\/\/acrj.org.br\/wp-content\/uploads\/2024\/08\/josier.jpeg 1600w\" sizes=\"(max-width: 1024px) 100vw, 1024px\" \/><figcaption class=\"wp-element-caption\">Presdiente da ACRJ, Josier Vilar<\/figcaption><\/figure>\n\n\n\n<figure class=\"wp-block-image size-large is-resized\"><img decoding=\"async\" width=\"1024\" height=\"682\" src=\"https:\/\/acrj.org.br\/wp-content\/uploads\/2024\/08\/pres-da-camara-de-comercio-China-1024x682.jpeg\" alt=\"\" class=\"wp-image-30147\" style=\"width:380px\" srcset=\"https:\/\/acrj.org.br\/wp-content\/uploads\/2024\/08\/pres-da-camara-de-comercio-China-1024x682.jpeg 1024w, https:\/\/acrj.org.br\/wp-content\/uploads\/2024\/08\/pres-da-camara-de-comercio-China-300x200.jpeg 300w, https:\/\/acrj.org.br\/wp-content\/uploads\/2024\/08\/pres-da-camara-de-comercio-China-768x512.jpeg 768w, https:\/\/acrj.org.br\/wp-content\/uploads\/2024\/08\/pres-da-camara-de-comercio-China-1536x1023.jpeg 1536w, https:\/\/acrj.org.br\/wp-content\/uploads\/2024\/08\/pres-da-camara-de-comercio-China-600x400.jpeg 600w, https:\/\/acrj.org.br\/wp-content\/uploads\/2024\/08\/pres-da-camara-de-comercio-China.jpeg 1600w\" sizes=\"(max-width: 1024px) 100vw, 1024px\" \/><figcaption class=\"wp-element-caption\">M\u00e1rcia Wu, Leonardo Pascoal, Michelle Fernandes, Zheng XiaMao, <br>Lu\u00eds Claudio Le\u00e3o, Glena Souza Le\u00e3o e Chen ShiKai<\/figcaption><\/figure>\n\n\n\n<figure class=\"wp-block-image size-large is-resized\"><img loading=\"lazy\" decoding=\"async\" width=\"1024\" height=\"776\" src=\"https:\/\/acrj.org.br\/wp-content\/uploads\/2024\/08\/michelle-1024x776.jpeg\" alt=\"\" class=\"wp-image-30149\" style=\"width:380px\" srcset=\"https:\/\/acrj.org.br\/wp-content\/uploads\/2024\/08\/michelle-1024x776.jpeg 1024w, https:\/\/acrj.org.br\/wp-content\/uploads\/2024\/08\/michelle-300x227.jpeg 300w, https:\/\/acrj.org.br\/wp-content\/uploads\/2024\/08\/michelle-768x582.jpeg 768w, https:\/\/acrj.org.br\/wp-content\/uploads\/2024\/08\/michelle-1536x1164.jpeg 1536w, https:\/\/acrj.org.br\/wp-content\/uploads\/2024\/08\/michelle-600x455.jpeg 600w, https:\/\/acrj.org.br\/wp-content\/uploads\/2024\/08\/michelle.jpeg 1599w\" sizes=\"(max-width: 1024px) 100vw, 1024px\" \/><figcaption class=\"wp-element-caption\">Presidente do Conselho, Michelle Fernandes<\/figcaption><\/figure>\n","protected":false},"excerpt":{"rendered":"<p>O presidente da ACRJ, Josier Vilar, participou, dia 24 de agosto, do evento em comemora\u00e7\u00e3o ao 15\u00b0 Anivers\u00e1rio da C\u00e2mara de Com\u00e9rcio Zhejiang Brasil-China. A&hellip;<\/p>\n","protected":false},"author":3,"featured_media":30145,"comment_status":"closed","ping_status":"closed","sticky":false,"template":"","format":"standard","meta":{"_exactmetrics_skip_tracking":false,"_exactmetrics_sitenote_active":false,"_exactmetrics_sitenote_note":"","_exactmetrics_sitenote_category":0,"footnotes":""},"categories":[56,10],"tags":[],"class_list":["post-30144","post","type-post","status-publish","format-standard","has-post-thumbnail","hentry","category-destaque_conselhos","category-noticias"],"_links":{"self":[{"href":"https:\/\/acrj.org.br\/index.php\/wp-json\/wp\/v2\/posts\/30144","targetHints":{"allow":["GET"]}}],"collection":[{"href":"https:\/\/acrj.org.br\/index.php\/wp-json\/wp\/v2\/posts"}],"about":[{"href":"https:\/\/acrj.org.br\/index.php\/wp-json\/wp\/v2\/types\/post"}],"author":[{"embeddable":true,"href":"https:\/\/acrj.org.br\/index.php\/wp-json\/wp\/v2\/users\/3"}],"replies":[{"embeddable":true,"href":"https:\/\/acrj.org.br\/index.php\/wp-json\/wp\/v2\/comments?post=30144"}],"version-history":[{"count":0,"href":"https:\/\/acrj.org.br\/index.php\/wp-json\/wp\/v2\/posts\/30144\/revisions"}],"wp:featuredmedia":[{"embeddable":true,"href":"https:\/\/acrj.org.br\/index.php\/wp-json\/wp\/v2\/media\/30145"}],"wp:attachment":[{"href":"https:\/\/acrj.org.br\/index.php\/wp-json\/wp\/v2\/media?parent=30144"}],"wp:term":[{"taxonomy":"category","embeddable":true,"href":"https:\/\/acrj.org.br\/index.php\/wp-json\/wp\/v2\/categories?post=30144"},{"taxonomy":"post_tag","embeddable":true,"href":"https:\/\/acrj.org.br\/index.php\/wp-json\/wp\/v2\/tags?post=30144"}],"curies":[{"name":"wp","href":"https:\/\/api.w.org\/{rel}","templated":true}]}}