{"id":30012,"date":"2024-08-29T09:00:00","date_gmt":"2024-08-29T12:00:00","guid":{"rendered":"https:\/\/acrj.org.br\/?p=30012"},"modified":"2024-11-12T15:40:55","modified_gmt":"2024-11-12T18:40:55","slug":"acrj-promove-congresso-sobre-reforma-do-codigo-civil-e-reflexos-nas-atividades-empresariais","status":"publish","type":"post","link":"https:\/\/acrj.org.br\/index.php\/2024\/08\/29\/acrj-promove-congresso-sobre-reforma-do-codigo-civil-e-reflexos-nas-atividades-empresariais\/","title":{"rendered":"ACRJ promove congresso sobre Reforma do C\u00f3digo Civil e Reflexos nas Atividades Empresariais"},"content":{"rendered":"\n<p>A Associa\u00e7\u00e3o Comercial do Rio de Janeiro promove, dia 20 de setembro, das 9h \u00e0s 12h30, o Congresso \u201cReforma do C\u00f3digo Civil e Reflexos nas Atividades Empresariais\u201d, que proporcionar\u00e1 um ambiente de debates para o esclarecimento de d\u00favidas por parte do empresariado sobre a reforma do C\u00f3digo Civil brasileiro. O evento \u00e9 uma inicitiva do Conselho Empresarial de Assuntos Jur\u00eddicos e Estrat\u00e9gicos da ACRJ.<\/p>\n\n\n\n<p>Esta reforma vem sendo debatida desde 2023 para atualiza\u00e7\u00e3o do texto em vigor, redigido em 2002. Em abril deste ano, o Senado federal recebeu o anteprojeto do C\u00f3digo Civil elaborado por uma comiss\u00e3o de juristas do STJ (Superior Tribunal de Justi\u00e7a). Atualmente, os senadores est\u00e3o em processo de an\u00e1lise da proposta que ser\u00e1 protocolada como projeto de lei.<\/p>\n\n\n\n<p>&#8220;Os associados da ACRJ, e os empres\u00e1rios como um todo ter\u00e3o a extraordin\u00e1ria oportunidade de escutar, de perto, n\u00e3o apenas alguns dos maiores especialistas do pa\u00eds, mas, igualmente, os ministros do STJ, Lu\u00eds Felipe Salom\u00e3o e Marco Aur\u00e9lio Bellizze, da Comiss\u00e3o de Juristas que formulou a proposta de reforma, em especial quanto aos seus principais impactos na atividade empres\u00e1ria&#8221;, ressaltou o presidente do Conselho, F\u00e1bio Azevedo.<\/p>\n\n\n\n<p>Para participar basta clicar neste<em> <strong><a href=\"https:\/\/www.sympla.com.br\/evento\/congresso-reforma-do-codigo-civil-e-reflexos-nas-atividades-empresariais\/2598791?token=4f90fe025c8a1e22b9349d7cdb61fb88\">link<\/a><\/strong> <\/em>e adquirir seu ingresso.<\/p>\n\n\n\n<p><strong>CONFIRA A PROGRAMA\u00c7\u00c3O<\/strong><\/p>\n\n\n\n<figure class=\"wp-block-image size-full is-resized\"><img fetchpriority=\"high\" decoding=\"async\" width=\"863\" height=\"1600\" src=\"https:\/\/acrj.org.br\/wp-content\/uploads\/2024\/08\/post-com-patrocinadores.jpeg\" alt=\"\" class=\"wp-image-31334\" style=\"width:447px;height:auto\" srcset=\"https:\/\/acrj.org.br\/wp-content\/uploads\/2024\/08\/post-com-patrocinadores.jpeg 863w, https:\/\/acrj.org.br\/wp-content\/uploads\/2024\/08\/post-com-patrocinadores-162x300.jpeg 162w, https:\/\/acrj.org.br\/wp-content\/uploads\/2024\/08\/post-com-patrocinadores-552x1024.jpeg 552w, https:\/\/acrj.org.br\/wp-content\/uploads\/2024\/08\/post-com-patrocinadores-768x1424.jpeg 768w, https:\/\/acrj.org.br\/wp-content\/uploads\/2024\/08\/post-com-patrocinadores-828x1536.jpeg 828w\" sizes=\"(max-width: 863px) 100vw, 863px\" \/><\/figure>\n\n\n\n<p><\/p>\n","protected":false},"excerpt":{"rendered":"<p>A Associa\u00e7\u00e3o Comercial do Rio de Janeiro promove, dia 20 de setembro, das 9h \u00e0s 12h30, o Congresso \u201cReforma do C\u00f3digo Civil e Reflexos nas&hellip;<\/p>\n","protected":false},"author":3,"featured_media":30015,"comment_status":"closed","ping_status":"closed","sticky":false,"template":"","format":"standard","meta":{"_exactmetrics_skip_tracking":false,"_exactmetrics_sitenote_active":false,"_exactmetrics_sitenote_note":"","_exactmetrics_sitenote_category":0,"footnotes":""},"categories":[55,83],"tags":[],"class_list":["post-30012","post","type-post","status-publish","format-standard","has-post-thumbnail","hentry","category-destaque_eventos","category-eventos_acrj"],"_links":{"self":[{"href":"https:\/\/acrj.org.br\/index.php\/wp-json\/wp\/v2\/posts\/30012","targetHints":{"allow":["GET"]}}],"collection":[{"href":"https:\/\/acrj.org.br\/index.php\/wp-json\/wp\/v2\/posts"}],"about":[{"href":"https:\/\/acrj.org.br\/index.php\/wp-json\/wp\/v2\/types\/post"}],"author":[{"embeddable":true,"href":"https:\/\/acrj.org.br\/index.php\/wp-json\/wp\/v2\/users\/3"}],"replies":[{"embeddable":true,"href":"https:\/\/acrj.org.br\/index.php\/wp-json\/wp\/v2\/comments?post=30012"}],"version-history":[{"count":0,"href":"https:\/\/acrj.org.br\/index.php\/wp-json\/wp\/v2\/posts\/30012\/revisions"}],"wp:featuredmedia":[{"embeddable":true,"href":"https:\/\/acrj.org.br\/index.php\/wp-json\/wp\/v2\/media\/30015"}],"wp:attachment":[{"href":"https:\/\/acrj.org.br\/index.php\/wp-json\/wp\/v2\/media?parent=30012"}],"wp:term":[{"taxonomy":"category","embeddable":true,"href":"https:\/\/acrj.org.br\/index.php\/wp-json\/wp\/v2\/categories?post=30012"},{"taxonomy":"post_tag","embeddable":true,"href":"https:\/\/acrj.org.br\/index.php\/wp-json\/wp\/v2\/tags?post=30012"}],"curies":[{"name":"wp","href":"https:\/\/api.w.org\/{rel}","templated":true}]}}