{"id":30005,"date":"2024-08-22T12:24:33","date_gmt":"2024-08-22T15:24:33","guid":{"rendered":"https:\/\/acrj.org.br\/?p=30005"},"modified":"2024-11-12T15:41:02","modified_gmt":"2024-11-12T18:41:02","slug":"oportunidades-e-conexoes-no-segmento-50","status":"publish","type":"post","link":"https:\/\/acrj.org.br\/index.php\/2024\/08\/22\/oportunidades-e-conexoes-no-segmento-50\/","title":{"rendered":"Oportunidades e conex\u00f5es no segmento 50+"},"content":{"rendered":"\n<p>A ACRJ e o Sebrae Rio promovem, dia 29 de agosto, das 9h30 \u00e0s 13h, o evento Conex\u00e3o Prateada voltado para o p\u00fablico 50+, que tem se tornado cada vez mais relevante no consumo e no empreendedorismo.<\/p>\n\n\n\n<p>O <strong>evento \u00e9 gratuito<\/strong> e direcionado a voc\u00ea, que \u00e9 empreendedor com 50+ ou oferece produtos e servi\u00e7os para consumidores maduros. A iniciativa \u00e9 do Conselho Empresariado do Ecossistema da Longevidade da ACRJ.<\/p>\n\n\n\n<p>N\u00e3o perca a chance de participar da sess\u00e3o de neg\u00f3cios!<br>A programa\u00e7\u00e3o completa e todas as informa\u00e7\u00f5es sobre como participar est\u00e3o dispon\u00edveis <strong><a href=\"https:\/\/sites.rj.sebrae.com.br\/inscricao\/evento-conexao-prateada\">aqui<\/a><\/strong> <\/p>\n\n\n\n<p><strong>SERVI\u00c7O<\/strong><\/p>\n\n\n\n<p>&#x1f5d3;&#xfe0f; <strong>Data<\/strong>: 29\/8\/2024<br>&#x1f552; <strong>Hor\u00e1rio<\/strong>: De 9h30 \u00e0s 13h<br>&#x1f3e2; <strong>Local<\/strong>: Sede da Associa\u00e7\u00e3o Comercial do RJ &#8211; ACRJ &#8211; Rua Candel\u00e1ria, 9\/12\u00ba andar &#8211; Centro &#8211; RJ<br>&#x260e; <strong>Informa\u00e7\u00f5es<\/strong>: 2514-1203<\/p>\n","protected":false},"excerpt":{"rendered":"<p>A ACRJ e o Sebrae Rio promovem, dia 29 de agosto, das 9h30 \u00e0s 13h, o evento Conex\u00e3o Prateada voltado para o p\u00fablico 50+, que&hellip;<\/p>\n","protected":false},"author":3,"featured_media":30098,"comment_status":"closed","ping_status":"open","sticky":false,"template":"","format":"standard","meta":{"_exactmetrics_skip_tracking":false,"_exactmetrics_sitenote_active":false,"_exactmetrics_sitenote_note":"","_exactmetrics_sitenote_category":0,"footnotes":""},"categories":[55,83],"tags":[],"class_list":["post-30005","post","type-post","status-publish","format-standard","has-post-thumbnail","hentry","category-destaque_eventos","category-eventos_acrj"],"_links":{"self":[{"href":"https:\/\/acrj.org.br\/index.php\/wp-json\/wp\/v2\/posts\/30005","targetHints":{"allow":["GET"]}}],"collection":[{"href":"https:\/\/acrj.org.br\/index.php\/wp-json\/wp\/v2\/posts"}],"about":[{"href":"https:\/\/acrj.org.br\/index.php\/wp-json\/wp\/v2\/types\/post"}],"author":[{"embeddable":true,"href":"https:\/\/acrj.org.br\/index.php\/wp-json\/wp\/v2\/users\/3"}],"replies":[{"embeddable":true,"href":"https:\/\/acrj.org.br\/index.php\/wp-json\/wp\/v2\/comments?post=30005"}],"version-history":[{"count":0,"href":"https:\/\/acrj.org.br\/index.php\/wp-json\/wp\/v2\/posts\/30005\/revisions"}],"wp:featuredmedia":[{"embeddable":true,"href":"https:\/\/acrj.org.br\/index.php\/wp-json\/wp\/v2\/media\/30098"}],"wp:attachment":[{"href":"https:\/\/acrj.org.br\/index.php\/wp-json\/wp\/v2\/media?parent=30005"}],"wp:term":[{"taxonomy":"category","embeddable":true,"href":"https:\/\/acrj.org.br\/index.php\/wp-json\/wp\/v2\/categories?post=30005"},{"taxonomy":"post_tag","embeddable":true,"href":"https:\/\/acrj.org.br\/index.php\/wp-json\/wp\/v2\/tags?post=30005"}],"curies":[{"name":"wp","href":"https:\/\/api.w.org\/{rel}","templated":true}]}}