{"id":29959,"date":"2024-08-21T17:21:43","date_gmt":"2024-08-21T20:21:43","guid":{"rendered":"https:\/\/acrj.org.br\/?p=29959"},"modified":"2024-09-08T09:39:49","modified_gmt":"2024-09-08T12:39:49","slug":"pedro-malan-e-o-convidado-do-almoco-com-empresarios-na-acrj","status":"publish","type":"post","link":"https:\/\/acrj.org.br\/index.php\/2024\/08\/21\/pedro-malan-e-o-convidado-do-almoco-com-empresarios-na-acrj\/","title":{"rendered":"Pedro Malan \u00e9 o convidado do almo\u00e7o com empres\u00e1rios na ACRJ"},"content":{"rendered":"\n<p>O economista Pedro Malan, ministro da Fazenda entre os anos de 1995 e 2002, participou de evento com empres\u00e1rios na ACRJ e compartilhou sua vasta experi\u00eancia e conhecimento com empres\u00e1rios e l\u00edderes da economia fluminense.<br><br>Pedro Malan foi convidado para falar sobre os 30 anos do Plano Real, que acabou com a hiperinfla\u00e7\u00e3o no pa\u00eds, mas abordou tamb\u00e9m temas cruciais como a Reforma Tribut\u00e1ria e da Previd\u00eancia, al\u00e9m de oferecer sua vis\u00e3o sobre o cen\u00e1rio econ\u00f4mico atual do Brasil.<\/p>\n\n\n\n<p>&nbsp;O ex-ministro foi recebido pelo presidente da ACRJ, Josier Vilar, diretores, grande benem\u00e9ritos, benem\u00e9ritos e vice-presidentes da Casa de Mau\u00e1. Na oportunidade recebeu a Medalha Bicenten\u00e1rio Visconde de Mau\u00e1,a maior honraria concedida pela Associa\u00e7\u00e3o Comercial, das m\u00e3os de Rosa Maria Annes Dias Barreto, m\u00e3e do presidente do Conselho Superior, Ruy Barreto Filho.<\/p>\n\n\n\n<p>A palestra na \u00edntegra est\u00e1 dispon\u00edvel no Canal ACRJ Divulga, <strong><a href=\"https:\/\/youtu.be\/AjFiw0aawBA\">acesse aqui<\/a><\/strong><\/p>\n\n\n\n<p>Confira nas fotos alguns momentos do encontro:<\/p>\n\n\n\n<figure class=\"wp-block-image size-large is-resized\"><img fetchpriority=\"high\" decoding=\"async\" width=\"1024\" height=\"682\" src=\"https:\/\/acrj.org.br\/wp-content\/uploads\/2024\/08\/marcilio-1024x682.jpeg\" alt=\"\" class=\"wp-image-29976\" style=\"width:360px\" srcset=\"https:\/\/acrj.org.br\/wp-content\/uploads\/2024\/08\/marcilio-1024x682.jpeg 1024w, https:\/\/acrj.org.br\/wp-content\/uploads\/2024\/08\/marcilio-300x200.jpeg 300w, https:\/\/acrj.org.br\/wp-content\/uploads\/2024\/08\/marcilio-768x512.jpeg 768w, https:\/\/acrj.org.br\/wp-content\/uploads\/2024\/08\/marcilio-1536x1023.jpeg 1536w, https:\/\/acrj.org.br\/wp-content\/uploads\/2024\/08\/marcilio-600x400.jpeg 600w, https:\/\/acrj.org.br\/wp-content\/uploads\/2024\/08\/marcilio.jpeg 1600w\" sizes=\"(max-width: 1024px) 100vw, 1024px\" \/><figcaption class=\"wp-element-caption\">Dois ex-ministros da Fazenda, Marc\u00edlio Marques <br>e Pedro Malan<\/figcaption><\/figure>\n\n\n\n<figure class=\"wp-block-image size-large is-resized\"><img decoding=\"async\" width=\"1024\" height=\"682\" src=\"https:\/\/acrj.org.br\/wp-content\/uploads\/2024\/08\/medalha-1024x682.jpg\" alt=\"\" class=\"wp-image-29978\" style=\"width:360px\" srcset=\"https:\/\/acrj.org.br\/wp-content\/uploads\/2024\/08\/medalha-1024x682.jpg 1024w, https:\/\/acrj.org.br\/wp-content\/uploads\/2024\/08\/medalha-300x200.jpg 300w, https:\/\/acrj.org.br\/wp-content\/uploads\/2024\/08\/medalha-768x512.jpg 768w, https:\/\/acrj.org.br\/wp-content\/uploads\/2024\/08\/medalha-1536x1024.jpg 1536w, https:\/\/acrj.org.br\/wp-content\/uploads\/2024\/08\/medalha-600x400.jpg 600w, https:\/\/acrj.org.br\/wp-content\/uploads\/2024\/08\/medalha.jpg 1688w\" sizes=\"(max-width: 1024px) 100vw, 1024px\" \/><figcaption class=\"wp-element-caption\">Pedro Malan \u00e9 homenageado<\/figcaption><\/figure>\n\n\n\n<figure class=\"wp-block-image size-large is-resized\"><img decoding=\"async\" width=\"1024\" height=\"682\" src=\"https:\/\/acrj.org.br\/wp-content\/uploads\/2024\/08\/ruy-1024x682.jpeg\" alt=\"\" class=\"wp-image-29979\" style=\"width:360px\" srcset=\"https:\/\/acrj.org.br\/wp-content\/uploads\/2024\/08\/ruy-1024x682.jpeg 1024w, https:\/\/acrj.org.br\/wp-content\/uploads\/2024\/08\/ruy-300x200.jpeg 300w, https:\/\/acrj.org.br\/wp-content\/uploads\/2024\/08\/ruy-768x512.jpeg 768w, https:\/\/acrj.org.br\/wp-content\/uploads\/2024\/08\/ruy-1536x1023.jpeg 1536w, https:\/\/acrj.org.br\/wp-content\/uploads\/2024\/08\/ruy-600x400.jpeg 600w, https:\/\/acrj.org.br\/wp-content\/uploads\/2024\/08\/ruy.jpeg 1600w\" sizes=\"(max-width: 1024px) 100vw, 1024px\" \/><figcaption class=\"wp-element-caption\">Presidente do Conselho Superior, Ruy Barreto Filho, <br>ao lado de Pedro Malan<\/figcaption><\/figure>\n\n\n\n<figure class=\"wp-block-image size-large is-resized\"><img loading=\"lazy\" decoding=\"async\" width=\"1024\" height=\"682\" src=\"https:\/\/acrj.org.br\/wp-content\/uploads\/2024\/08\/rebuzzi-1024x682.jpg\" alt=\"\" class=\"wp-image-29991\" style=\"width:360px\" srcset=\"https:\/\/acrj.org.br\/wp-content\/uploads\/2024\/08\/rebuzzi-1024x682.jpg 1024w, https:\/\/acrj.org.br\/wp-content\/uploads\/2024\/08\/rebuzzi-300x200.jpg 300w, https:\/\/acrj.org.br\/wp-content\/uploads\/2024\/08\/rebuzzi-768x512.jpg 768w, https:\/\/acrj.org.br\/wp-content\/uploads\/2024\/08\/rebuzzi-1536x1024.jpg 1536w, https:\/\/acrj.org.br\/wp-content\/uploads\/2024\/08\/rebuzzi-600x400.jpg 600w, https:\/\/acrj.org.br\/wp-content\/uploads\/2024\/08\/rebuzzi.jpg 1688w\" sizes=\"(max-width: 1024px) 100vw, 1024px\" \/><figcaption class=\"wp-element-caption\">Josier Vilar, Pedro Malan e o VP da ACRJ, <br>Eduardo Rebuzzi<\/figcaption><\/figure>\n\n\n\n<figure class=\"wp-block-image size-full is-resized\"><img loading=\"lazy\" decoding=\"async\" width=\"512\" height=\"341\" src=\"https:\/\/acrj.org.br\/wp-content\/uploads\/2024\/08\/cesio-caetano.jpeg\" alt=\"\" class=\"wp-image-29975\" style=\"width:360px\" srcset=\"https:\/\/acrj.org.br\/wp-content\/uploads\/2024\/08\/cesio-caetano.jpeg 512w, https:\/\/acrj.org.br\/wp-content\/uploads\/2024\/08\/cesio-caetano-300x200.jpeg 300w\" sizes=\"(max-width: 512px) 100vw, 512px\" \/><figcaption class=\"wp-element-caption\">Josier Vilar e o presidente eleito da Firjan, Luiz <br>C\u00e9sio Caetano<\/figcaption><\/figure>\n\n\n\n<figure class=\"wp-block-image size-large is-resized\"><img loading=\"lazy\" decoding=\"async\" width=\"1024\" height=\"682\" src=\"https:\/\/acrj.org.br\/wp-content\/uploads\/2024\/08\/mesa-1-1-1024x682.jpg\" alt=\"\" class=\"wp-image-29993\" style=\"width:360px\" srcset=\"https:\/\/acrj.org.br\/wp-content\/uploads\/2024\/08\/mesa-1-1-1024x682.jpg 1024w, https:\/\/acrj.org.br\/wp-content\/uploads\/2024\/08\/mesa-1-1-300x200.jpg 300w, https:\/\/acrj.org.br\/wp-content\/uploads\/2024\/08\/mesa-1-1-768x512.jpg 768w, https:\/\/acrj.org.br\/wp-content\/uploads\/2024\/08\/mesa-1-1-1536x1024.jpg 1536w, https:\/\/acrj.org.br\/wp-content\/uploads\/2024\/08\/mesa-1-1-600x400.jpg 600w, https:\/\/acrj.org.br\/wp-content\/uploads\/2024\/08\/mesa-1-1.jpg 1688w\" sizes=\"(max-width: 1024px) 100vw, 1024px\" \/><\/figure>\n\n\n\n<figure class=\"wp-block-image size-full is-resized\"><img loading=\"lazy\" decoding=\"async\" width=\"512\" height=\"341\" src=\"https:\/\/acrj.org.br\/wp-content\/uploads\/2024\/08\/plateia.jpeg\" alt=\"\" class=\"wp-image-29980\" style=\"width:360px\" srcset=\"https:\/\/acrj.org.br\/wp-content\/uploads\/2024\/08\/plateia.jpeg 512w, https:\/\/acrj.org.br\/wp-content\/uploads\/2024\/08\/plateia-300x200.jpeg 300w\" sizes=\"(max-width: 512px) 100vw, 512px\" \/><\/figure>\n\n\n\n<figure class=\"wp-block-image size-large is-resized\"><img loading=\"lazy\" decoding=\"async\" width=\"1024\" height=\"682\" src=\"https:\/\/acrj.org.br\/wp-content\/uploads\/2024\/08\/mesa-4-1024x682.jpg\" alt=\"\" class=\"wp-image-29989\" style=\"width:360px\" srcset=\"https:\/\/acrj.org.br\/wp-content\/uploads\/2024\/08\/mesa-4-1024x682.jpg 1024w, https:\/\/acrj.org.br\/wp-content\/uploads\/2024\/08\/mesa-4-300x200.jpg 300w, https:\/\/acrj.org.br\/wp-content\/uploads\/2024\/08\/mesa-4-768x512.jpg 768w, https:\/\/acrj.org.br\/wp-content\/uploads\/2024\/08\/mesa-4-1536x1024.jpg 1536w, https:\/\/acrj.org.br\/wp-content\/uploads\/2024\/08\/mesa-4-600x400.jpg 600w, https:\/\/acrj.org.br\/wp-content\/uploads\/2024\/08\/mesa-4.jpg 1688w\" sizes=\"(max-width: 1024px) 100vw, 1024px\" \/><\/figure>\n\n\n\n<p>Fotos Kaique Galiza<\/p>\n","protected":false},"excerpt":{"rendered":"<p>O economista Pedro Malan, ministro da Fazenda entre os anos de 1995 e 2002, participou de evento com empres\u00e1rios na ACRJ e compartilhou sua vasta&hellip;<\/p>\n","protected":false},"author":3,"featured_media":29974,"comment_status":"closed","ping_status":"closed","sticky":false,"template":"","format":"standard","meta":{"_exactmetrics_skip_tracking":false,"_exactmetrics_sitenote_active":false,"_exactmetrics_sitenote_note":"","_exactmetrics_sitenote_category":0,"footnotes":""},"categories":[6],"tags":[],"class_list":["post-29959","post","type-post","status-publish","format-standard","has-post-thumbnail","hentry","category-destaque_noticias"],"_links":{"self":[{"href":"https:\/\/acrj.org.br\/index.php\/wp-json\/wp\/v2\/posts\/29959","targetHints":{"allow":["GET"]}}],"collection":[{"href":"https:\/\/acrj.org.br\/index.php\/wp-json\/wp\/v2\/posts"}],"about":[{"href":"https:\/\/acrj.org.br\/index.php\/wp-json\/wp\/v2\/types\/post"}],"author":[{"embeddable":true,"href":"https:\/\/acrj.org.br\/index.php\/wp-json\/wp\/v2\/users\/3"}],"replies":[{"embeddable":true,"href":"https:\/\/acrj.org.br\/index.php\/wp-json\/wp\/v2\/comments?post=29959"}],"version-history":[{"count":0,"href":"https:\/\/acrj.org.br\/index.php\/wp-json\/wp\/v2\/posts\/29959\/revisions"}],"wp:featuredmedia":[{"embeddable":true,"href":"https:\/\/acrj.org.br\/index.php\/wp-json\/wp\/v2\/media\/29974"}],"wp:attachment":[{"href":"https:\/\/acrj.org.br\/index.php\/wp-json\/wp\/v2\/media?parent=29959"}],"wp:term":[{"taxonomy":"category","embeddable":true,"href":"https:\/\/acrj.org.br\/index.php\/wp-json\/wp\/v2\/categories?post=29959"},{"taxonomy":"post_tag","embeddable":true,"href":"https:\/\/acrj.org.br\/index.php\/wp-json\/wp\/v2\/tags?post=29959"}],"curies":[{"name":"wp","href":"https:\/\/api.w.org\/{rel}","templated":true}]}}